{"id":46675,"date":"2013-08-28T16:32:40","date_gmt":"2013-08-28T19:32:40","guid":{"rendered":"http:\/\/www.redenoticia.com.br\/noticia\/?p=46675"},"modified":"2013-08-28T16:32:40","modified_gmt":"2013-08-28T19:32:40","slug":"brasil-deve-atingir-meta-de-reducao-do-desmatamento","status":"publish","type":"post","link":"https:\/\/migracao.redenoticia.com.br\/noticia\/2013\/brasil-deve-atingir-meta-de-reducao-do-desmatamento\/46675","title":{"rendered":"Brasil deve atingir meta de redu\u00e7\u00e3o do desmatamento"},"content":{"rendered":"<p>Rio de Janeiro \u2013 O Brasil deve atingir antes do fim do prazo a meta de reduzir em 84% o <em><strong>desmatamento<\/strong><\/em>, principal fonte das emiss\u00f5es de gases de efeito estufa no pa\u00eds, disse hoje (28) o secret\u00e1rio Nacional de Mudan\u00e7as Clim\u00e1ticas e Qualidade Ambiental, Carlos Klink. Sem informar ano exato, ele disse que o pa\u00eds chegar\u00e1 antes de 2020 a um patamar inferior a 4 mil quil\u00f4metros desmatados por ano, compromisso estabelecido na Confer\u00eancia do Clima de Copenhague, em 2009.<\/p>\n<p>&#8220;No ano passado, j\u00e1 chegamos a 4,5 mil quil\u00f4metros quadrados de desmatamento. Temos que atingir 4 mil e manter, que \u00e9 muito importante. Mas nossa meta continua sendo a de nos reportarmos \u00e0s Na\u00e7\u00f5es Unidas em 2020&#8221;, declarou Klink, que participou da abertura do 7\u00ba F\u00f3rum Latinoamericano de Carbono.<\/p>\n<p>De acordo com Klink, a queda do desmatamento corresponde a 60% da redu\u00e7\u00e3o de emiss\u00f5es brasileiras, que precisam cair entre 36% e 39% at\u00e9 2020. Para o secret\u00e1rio, o impacto tamb\u00e9m ser\u00e1 global. &#8220;Como um estudo que saiu da Rio+20 aponta, vai haver um d\u00e9ficit de emiss\u00f5es em 2020, e n\u00f3s vamos cobrir metade desse d\u00e9ficit com a nossa redu\u00e7\u00e3o. O Brasil est\u00e1 dando uma contribui\u00e7\u00e3o global e quer ser reconhecido e valorizado por isso&#8221;.<\/p>\n<p>Apesar disso, Klink reconhece que em alguns setores v\u00eam ocorrendo aumento de emiss\u00f5es, que j\u00e1 eram previstas. &#8220;Alguns setores cresceram suas emiss\u00f5es, mas isso n\u00e3o se compara \u00e0s emiss\u00f5es reduzidas no desmatamento. Isso n\u00e3o significa que n\u00e3o tenhamos que prestar aten\u00e7\u00e3o nisso. A agricultura e energia, principalmente, s\u00e3o os que d\u00e3o uma subidinha. Por isso, temos planos setoriais espec\u00edficos para ind\u00fastria, energia e principalmente agricultura&#8221;.<\/p>\n<p>Em um ano em que as usinas termel\u00e9tricas foram a solu\u00e7\u00e3o para as condi\u00e7\u00f5es clim\u00e1ticas desfavor\u00e1veis \u00e0s hidrel\u00e9tricas e em que usinas a carv\u00e3o entraram com peso nos leil\u00f5es de gera\u00e7\u00e3o de eletricidade para os pr\u00f3ximos anos, o secret\u00e1rio n\u00e3o nega que essas s\u00e3o preocupa\u00e7\u00f5es e diz que \u00e9 preciso debater a quest\u00e3o da energia com a sociedade. &#8220;Pelo lado das emiss\u00f5es, \u00e9 claro que isso \u00e9 uma preocupa\u00e7\u00e3o, mas, se a inten\u00e7\u00e3o \u00e9 manter uma matriz energ\u00e9tica diversificada, \u00e9 um debate que o pa\u00eds tem que fazer. Por um lado, n\u00e3o estamos permitindo a constru\u00e7\u00e3o de hidrel\u00e9tricas, e temos que oferecer energia&#8221;.<\/p>\n<p>Com redu\u00e7\u00e3o do desmatamento concentrada principalmente na Amaz\u00f4nia, a secretaria trabalha agora para lan\u00e7ar o monitoramento sistem\u00e1tico do desmatamento no Cerrado. &#8220;Estamos financiando com o Fundo da Amaz\u00f4nia outros pa\u00edses da Am\u00e9rica Latina para que fa\u00e7am o monitoramento com tecnologia nossa. Estamos monitorando o Cerrado, e l\u00e1 o desmatamento tamb\u00e9m caiu, mas estamos mais atrasados. A Caatinga tamb\u00e9m tem preocupado, mas caminha para a redu\u00e7\u00e3o&#8221;, disse, acrescentando que o uso da vegeta\u00e7\u00e3o como lenha e empreendimentos empresariais s\u00e3o a principal amea\u00e7a ao \u00faltimo bioma.<\/p>\n<p>Vin\u00edcius Lisboa<br \/>\nRep\u00f3rter da Ag\u00eancia Brasil<br \/>\nEdi\u00e7\u00e3o: Carolina Pimentel<\/p>\n","protected":false},"excerpt":{"rendered":"<p>Rio de Janeiro \u2013 O Brasil deve atingir antes do fim do prazo a meta de reduzir em 84% o desmatamento, principal fonte das emiss\u00f5es de gases de efeito estufa no pa\u00eds, disse hoje (28) o secret\u00e1rio Nacional de Mudan\u00e7as Clim\u00e1ticas e Qualidade Ambiental, Carlos Klink. Sem informar ano exato, ele disse que o pa\u00eds [&hellip;]<\/p>\n","protected":false},"author":2,"featured_media":40787,"comment_status":"open","ping_status":"closed","sticky":false,"template":"","format":"standard","meta":{"tdm_status":"","tdm_grid_status":"","footnotes":""},"categories":[22],"tags":[],"class_list":{"0":"post-46675","1":"post","2":"type-post","3":"status-publish","4":"format-standard","5":"has-post-thumbnail","7":"category-brasil"},"_links":{"self":[{"href":"https:\/\/migracao.redenoticia.com.br\/noticia\/wp-json\/wp\/v2\/posts\/46675","targetHints":{"allow":["GET"]}}],"collection":[{"href":"https:\/\/migracao.redenoticia.com.br\/noticia\/wp-json\/wp\/v2\/posts"}],"about":[{"href":"https:\/\/migracao.redenoticia.com.br\/noticia\/wp-json\/wp\/v2\/types\/post"}],"author":[{"embeddable":true,"href":"https:\/\/migracao.redenoticia.com.br\/noticia\/wp-json\/wp\/v2\/users\/2"}],"replies":[{"embeddable":true,"href":"https:\/\/migracao.redenoticia.com.br\/noticia\/wp-json\/wp\/v2\/comments?post=46675"}],"version-history":[{"count":0,"href":"https:\/\/migracao.redenoticia.com.br\/noticia\/wp-json\/wp\/v2\/posts\/46675\/revisions"}],"wp:featuredmedia":[{"embeddable":true,"href":"https:\/\/migracao.redenoticia.com.br\/noticia\/wp-json\/wp\/v2\/media\/40787"}],"wp:attachment":[{"href":"https:\/\/migracao.redenoticia.com.br\/noticia\/wp-json\/wp\/v2\/media?parent=46675"}],"wp:term":[{"taxonomy":"category","embeddable":true,"href":"https:\/\/migracao.redenoticia.com.br\/noticia\/wp-json\/wp\/v2\/categories?post=46675"},{"taxonomy":"post_tag","embeddable":true,"href":"https:\/\/migracao.redenoticia.com.br\/noticia\/wp-json\/wp\/v2\/tags?post=46675"}],"curies":[{"name":"wp","href":"https:\/\/api.w.org\/{rel}","templated":true}]}}