{"id":46677,"date":"2013-08-28T16:35:03","date_gmt":"2013-08-28T19:35:03","guid":{"rendered":"http:\/\/www.redenoticia.com.br\/noticia\/?p=46677"},"modified":"2013-08-28T16:35:03","modified_gmt":"2013-08-28T19:35:03","slug":"fmi-recomenda-que-brasil-mantenha-aperto-nos-juros","status":"publish","type":"post","link":"https:\/\/migracao.redenoticia.com.br\/noticia\/2013\/fmi-recomenda-que-brasil-mantenha-aperto-nos-juros\/46677","title":{"rendered":"FMI recomenda que Brasil mantenha aperto nos juros"},"content":{"rendered":"<p>Bras\u00edlia \u2013 O Banco Central (BC) dever\u00e1 continuar a aumentar os juros para conter a <em><strong>infla\u00e7\u00e3o<\/strong><\/em>, independentemente do impacto que o aperto na pol\u00edtica monet\u00e1ria tenha no crescimento da economia, recomendou o Fundo Monet\u00e1rio Internacional (FMI). Em relat\u00f3rio divulgado hoje (28), o FMI pede ainda que os bancos p\u00fablicos reduzam o ritmo de concess\u00e3o de cr\u00e9dito e que a equipe econ\u00f4mica n\u00e3o abandone a disciplina fiscal.<\/p>\n<p>Diferentemente dos relat\u00f3rios de outros anos, este n\u00e3o cont\u00e9m estimativas sobre o crescimento da economia brasileira em 2013 e nos anos seguintes. O documento apenas informa que o pa\u00eds est\u00e1 se recuperando gradualmente da desacelera\u00e7\u00e3o iniciada em 2011 e pede a continuidade de reformas que melhorem a produtividade, a competitividade e estimulem os investimentos.<\/p>\n<p>Para o FMI, a equipe econ\u00f4mica deve adotar uma meta de super\u00e1vit prim\u00e1rio \u2013 economia de recursos para pagar os juros da d\u00edvida p\u00fablica \u2013 que ponha em queda a trajet\u00f3ria do d\u00e9ficit p\u00fablico. O documento recomenda que o rigor or\u00e7ament\u00e1rio seja refor\u00e7ado, inclusive nas esferas estaduais e municipais.<\/p>\n<p>Segundo o relat\u00f3rio, o est\u00edmulo ao cr\u00e9dito nos bancos p\u00fablicos, posto em pr\u00e1tica pelo governo nos \u00faltimos anos, pode ter impacto nas contas p\u00fablicas porque exp\u00f5e as institui\u00e7\u00f5es oficiais a riscos. O Fundo Monet\u00e1rio recomenda modera\u00e7\u00e3o na concess\u00e3o de cr\u00e9dito pelo setor p\u00fablico.<\/p>\n<p>Em rela\u00e7\u00e3o ao Banco Central, o FMI recomendou que a autoridade monet\u00e1ria mantenha o ciclo de aumento da taxa Selic (juros b\u00e1sicos da economia) para conter a infla\u00e7\u00e3o, que ainda est\u00e1 pr\u00f3xima de 6,5%, teto da meta, no acumulado de 12 meses. Na avalia\u00e7\u00e3o do fundo, a falta de infraestrutura e a queda nos investimentos dos empres\u00e1rios n\u00e3o apenas pressionam a infla\u00e7\u00e3o pelo lado da oferta \u2013 car\u00eancia de oferta para atender \u00e0 demanda \u2013 como comprometem o crescimento da economia.<\/p>\n<p>\u201cUma pol\u00edtica monet\u00e1ria mais apertada ajudaria a conter press\u00f5es mais persistentes de alta de pre\u00e7os\u201d, destaca o documento. Para o FMI, o BC tem que continuar comprometido em conter as press\u00f5es sobre os pre\u00e7os e a ajudar a fornecer refer\u00eancias para as expectativas dos agentes do mercado financeiro.<\/p>\n<p>O relat\u00f3rio n\u00e3o faz uma an\u00e1lise sobre os efeitos da disparada do d\u00f3lar sobre a economia brasileira. O documento, no entanto, informa que as turbul\u00eancias internacionais e a incerteza pol\u00edtica interna tamb\u00e9m contribuem para deteriorar a expectativa de crescimento no curto prazo. Em rela\u00e7\u00e3o ao c\u00e2mbio, o FMI ressalta ainda que o pa\u00eds tem os instrumentos necess\u00e1rios para lidar com a mudan\u00e7a nos fluxos internacionais de capital.<\/p>\n<p>O documento destacou tamb\u00e9m que o sistema banc\u00e1rio brasileiro est\u00e1 s\u00f3lido e preparado para se enquadrar ao acordo de Basileia 3, que estabelece mais capital de alta qualidade para a concess\u00e3o de cr\u00e9dito. Segundo o FMI, o pa\u00eds pode se adequar \u00e0s novas regras antes dos pa\u00edses desenvolvidos, cujos bancos enfrentam dificuldades em aumentar os limites de capital.<\/p>\n<p>Em rela\u00e7\u00e3o aos financiamentos imobili\u00e1rios, o relat\u00f3rio informa que o cr\u00e9dito habitacional continua crescendo em ritmo elevado, mas n\u00e3o representa risco para os bancos brasileiros. Segundo o FMI, essas opera\u00e7\u00f5es representam uma pequena parte do total de cr\u00e9dito dispon\u00edvel no pa\u00eds.<\/p>\n<p>Wellton M\u00e1ximo<br \/>\nRep\u00f3rter da Ag\u00eancia Brasil<br \/>\nEdi\u00e7\u00e3o: N\u00e1dia Franco<\/p>\n","protected":false},"excerpt":{"rendered":"<p>Bras\u00edlia \u2013 O Banco Central (BC) dever\u00e1 continuar a aumentar os juros para conter a infla\u00e7\u00e3o, independentemente do impacto que o aperto na pol\u00edtica monet\u00e1ria tenha no crescimento da economia, recomendou o Fundo Monet\u00e1rio Internacional (FMI). Em relat\u00f3rio divulgado hoje (28), o FMI pede ainda que os bancos p\u00fablicos reduzam o ritmo de concess\u00e3o de [&hellip;]<\/p>\n","protected":false},"author":2,"featured_media":40517,"comment_status":"open","ping_status":"closed","sticky":false,"template":"","format":"standard","meta":{"tdm_status":"","tdm_grid_status":"","footnotes":""},"categories":[22,7],"tags":[],"class_list":{"0":"post-46677","1":"post","2":"type-post","3":"status-publish","4":"format-standard","5":"has-post-thumbnail","7":"category-brasil","8":"category-economia"},"_links":{"self":[{"href":"https:\/\/migracao.redenoticia.com.br\/noticia\/wp-json\/wp\/v2\/posts\/46677","targetHints":{"allow":["GET"]}}],"collection":[{"href":"https:\/\/migracao.redenoticia.com.br\/noticia\/wp-json\/wp\/v2\/posts"}],"about":[{"href":"https:\/\/migracao.redenoticia.com.br\/noticia\/wp-json\/wp\/v2\/types\/post"}],"author":[{"embeddable":true,"href":"https:\/\/migracao.redenoticia.com.br\/noticia\/wp-json\/wp\/v2\/users\/2"}],"replies":[{"embeddable":true,"href":"https:\/\/migracao.redenoticia.com.br\/noticia\/wp-json\/wp\/v2\/comments?post=46677"}],"version-history":[{"count":0,"href":"https:\/\/migracao.redenoticia.com.br\/noticia\/wp-json\/wp\/v2\/posts\/46677\/revisions"}],"wp:featuredmedia":[{"embeddable":true,"href":"https:\/\/migracao.redenoticia.com.br\/noticia\/wp-json\/wp\/v2\/media\/40517"}],"wp:attachment":[{"href":"https:\/\/migracao.redenoticia.com.br\/noticia\/wp-json\/wp\/v2\/media?parent=46677"}],"wp:term":[{"taxonomy":"category","embeddable":true,"href":"https:\/\/migracao.redenoticia.com.br\/noticia\/wp-json\/wp\/v2\/categories?post=46677"},{"taxonomy":"post_tag","embeddable":true,"href":"https:\/\/migracao.redenoticia.com.br\/noticia\/wp-json\/wp\/v2\/tags?post=46677"}],"curies":[{"name":"wp","href":"https:\/\/api.w.org\/{rel}","templated":true}]}}