{"id":46679,"date":"2013-08-28T16:38:08","date_gmt":"2013-08-28T19:38:08","guid":{"rendered":"http:\/\/www.redenoticia.com.br\/noticia\/?p=46679"},"modified":"2013-08-28T16:38:08","modified_gmt":"2013-08-28T19:38:08","slug":"ribeirao-preto-ganha-grupo-de-estudos-sobre-neurociencia","status":"publish","type":"post","link":"https:\/\/migracao.redenoticia.com.br\/noticia\/2013\/ribeirao-preto-ganha-grupo-de-estudos-sobre-neurociencia\/46679","title":{"rendered":"Ribeir\u00e3o Preto ganha grupo de estudos sobre neuroci\u00eancia"},"content":{"rendered":"<p>Ag\u00eancia FAPESP\u00a0\u2013 O Instituto de Estudos Avan\u00e7ados da Universidade de S\u00e3o Paulo (IEA\/USP) obteve a aprova\u00e7\u00e3o para a cria\u00e7\u00e3o do grupo de estudo Reflex\u00f5es em <em><strong>Neuroci\u00eancia<\/strong><\/em> Contempor\u00e2nea, que ter\u00e1 base em Ribeir\u00e3o Preto.\u00a0O grupo ser\u00e1 coordenado pelo neurofisiologista Norberto Garcia Cairasco, professor da Faculdade de Medicina de Ribeir\u00e3o Preto (FMRP) da USP e pesquisador respons\u00e1vel do Projeto Tem\u00e1tico \u201cNeuroci\u00eancias, epilepsia e arte. Caracteriza\u00e7\u00e3o interdisciplinar da cepa WAR e modelos de epilepsia correlacionados. As oficinas Da Vinci, divulga\u00e7\u00e3o cient\u00edfica e quebras de estigmas da epilepsia\u201d,\u00a0<a href=\"ttp:\/\/www.bv.fapesp.br\/pt\/auxilios\/2034\/neurociencias-epilepsia-e-arte-caracterizacao-interdisciplinar-da-cepa-war-e-modelos-de-epilepsia-co\" target=\"_blank\">apoiado pela FAPESP.<\/a><\/p>\n<p>O prop\u00f3sito do grupo \u00e9 discutir as fun\u00e7\u00f5es e disfun\u00e7\u00f5es do c\u00e9rebro a partir de uma vis\u00e3o integrada e transdisciplinar. Ser\u00e3o levados em conta aspectos\u00a0subjacentes \u00e0s an\u00e1lises de v\u00e1rios campos do conhecimento, conceitos filos\u00f3ficos e caracter\u00edsticas do comportamento humano, entre os quais: hist\u00f3ria da arte, hist\u00f3ria da ci\u00eancia, consci\u00eancia, livre-arb\u00edtrio, moralidade, viol\u00eancia e tomada de decis\u00e3o.<\/p>\n<p>As discuss\u00f5es ser\u00e3o baseadas nas abordagens de autores como o bi\u00f3logo americano Edward O. Wilson, o neurocientista brit\u00e2nico Francis Click (1916-2004), o f\u00edsico americano Thomas S. Kuhn (1922-1996), o bi\u00f3logo brit\u00e2nico Denis Noble, o professor de neuroest\u00e9tica Semir Zeki, da University College London, e a escritora americana Anne Fadiman.<\/p>\n<p>Entre as atividades j\u00e1 definidas para o grupo est\u00e3o\u00a0o simp\u00f3sio internacional NEWroscience 2013 \u2013 Epilepsies: Complexity and Comorbidities, que ocorrer\u00e1 entre 18 e 21 de setembro na FMRP, a organiza\u00e7\u00e3o de mesas-redondas sobre assuntos pol\u00eamicos relacionados \u00e0 neuroci\u00eancia na contemporaneidade e a divulga\u00e7\u00e3o da 3\u00aa Semana Nacional C\u00e9rebro, prevista para mar\u00e7o de 2014.<\/p>\n<p>Mais informa\u00e7\u00f5es:\u00a0<a href=\"http:\/\/www.iea.usp.br\/noticias\/criado-grupo-de-estudos-sobre-neurociencia-no-polo-ribeirao-preto\" target=\"_blank\">www.iea.usp.br\/noticias\/criado-grupo-de-estudos-sobre-neurociencia-no-polo-ribeirao-preto<\/a><\/p>\n","protected":false},"excerpt":{"rendered":"<p>Ag\u00eancia FAPESP\u00a0\u2013 O Instituto de Estudos Avan\u00e7ados da Universidade de S\u00e3o Paulo (IEA\/USP) obteve a aprova\u00e7\u00e3o para a cria\u00e7\u00e3o do grupo de estudo Reflex\u00f5es em Neuroci\u00eancia Contempor\u00e2nea, que ter\u00e1 base em Ribeir\u00e3o Preto.\u00a0O grupo ser\u00e1 coordenado pelo neurofisiologista Norberto Garcia Cairasco, professor da Faculdade de Medicina de Ribeir\u00e3o Preto (FMRP) da USP e pesquisador respons\u00e1vel [&hellip;]<\/p>\n","protected":false},"author":2,"featured_media":36246,"comment_status":"open","ping_status":"closed","sticky":false,"template":"","format":"standard","meta":{"tdm_status":"","tdm_grid_status":"","footnotes":""},"categories":[22],"tags":[],"class_list":{"0":"post-46679","1":"post","2":"type-post","3":"status-publish","4":"format-standard","5":"has-post-thumbnail","7":"category-brasil"},"_links":{"self":[{"href":"https:\/\/migracao.redenoticia.com.br\/noticia\/wp-json\/wp\/v2\/posts\/46679","targetHints":{"allow":["GET"]}}],"collection":[{"href":"https:\/\/migracao.redenoticia.com.br\/noticia\/wp-json\/wp\/v2\/posts"}],"about":[{"href":"https:\/\/migracao.redenoticia.com.br\/noticia\/wp-json\/wp\/v2\/types\/post"}],"author":[{"embeddable":true,"href":"https:\/\/migracao.redenoticia.com.br\/noticia\/wp-json\/wp\/v2\/users\/2"}],"replies":[{"embeddable":true,"href":"https:\/\/migracao.redenoticia.com.br\/noticia\/wp-json\/wp\/v2\/comments?post=46679"}],"version-history":[{"count":0,"href":"https:\/\/migracao.redenoticia.com.br\/noticia\/wp-json\/wp\/v2\/posts\/46679\/revisions"}],"wp:featuredmedia":[{"embeddable":true,"href":"https:\/\/migracao.redenoticia.com.br\/noticia\/wp-json\/wp\/v2\/media\/36246"}],"wp:attachment":[{"href":"https:\/\/migracao.redenoticia.com.br\/noticia\/wp-json\/wp\/v2\/media?parent=46679"}],"wp:term":[{"taxonomy":"category","embeddable":true,"href":"https:\/\/migracao.redenoticia.com.br\/noticia\/wp-json\/wp\/v2\/categories?post=46679"},{"taxonomy":"post_tag","embeddable":true,"href":"https:\/\/migracao.redenoticia.com.br\/noticia\/wp-json\/wp\/v2\/tags?post=46679"}],"curies":[{"name":"wp","href":"https:\/\/api.w.org\/{rel}","templated":true}]}}