{"id":46684,"date":"2013-08-28T16:44:28","date_gmt":"2013-08-28T19:44:28","guid":{"rendered":"http:\/\/www.redenoticia.com.br\/noticia\/?p=46684"},"modified":"2013-08-28T16:44:28","modified_gmt":"2013-08-28T19:44:28","slug":"profissionais-de-saude-serao-treinados-para-atuar-na-copa","status":"publish","type":"post","link":"https:\/\/migracao.redenoticia.com.br\/noticia\/2013\/profissionais-de-saude-serao-treinados-para-atuar-na-copa\/46684","title":{"rendered":"Profissionais de sa\u00fade ser\u00e3o treinados para atuar na Copa"},"content":{"rendered":"<p>Rio de Janeiro \u2013 M\u00e9dicos, enfermeiros e outros profissionais da sa\u00fade come\u00e7aram hoje (28) um treinamento para atender \u00e0 demanda de pacientes nas 12 cidades que sediar\u00e3o os jogos da <em><strong>Copa do Mundo<\/strong> <\/em>de 2014. No Rio, onde ser\u00e1 disputada a final, haver\u00e1 120 profissionais treinados em vigil\u00e2ncia sanit\u00e1ria e gest\u00e3o de emerg\u00eancia em sa\u00fade p\u00fablica. O curso, organizado pelo Minist\u00e9rio da Sa\u00fade, ter\u00e1 aulas presenciais e a dist\u00e2ncia, com t\u00e9rmino em junho de 2014. As aulas ser\u00e3o teletransmitidas duas vezes por m\u00eas pelo Instituto Nacional de Traumatologia e Ortopedia Jamil Haddad.<\/p>\n<p>Essa \u00e9 a segunda fase do projeto. A primeira etapa foi feita entre mar\u00e7o e agosto deste ano e formou professores, que agora lecionam aos alunos selecionados. Uma das professoras do curso, Cristiana Silveira, informou que na primeira fase do programa, nove professores que se inscreveram, ou receberam indica\u00e7\u00e3o, foram selecionados. \u201cEle [o curso] est\u00e1 sendo ministrado nas cidades-sede da Copa do Mundo. N\u00f3s vamos fazer a especializa\u00e7\u00e3o dos gestores de emerg\u00eancia em sa\u00fade p\u00fablica, para que possa dar uma contribui\u00e7\u00e3o \u00e0 For\u00e7a Nacional do SUS nos estados-sede da Copa do Mundo\u201d, disse.<\/p>\n<p>A professora explicou que o curso vai exigir mais dos participantes do que dos instrutores, e ser\u00e1 baseado em poss\u00edveis problemas kque podem ocorrer durante a Copa do Mundo. \u201cA gente vai utilizar uma metodologia ativa de ensino, uma metodologia que requer mais dos alunos do que dos instrutores. E vai ser sempre baseada em situa\u00e7\u00f5es-problema\u201d.<\/p>\n<p>O veterin\u00e1rio Fernando Ferreira, que participar\u00e1 do treinamento em vigil\u00e2ncia sanit\u00e1ria, disse que os profissionais de sa\u00fade foram selecionados com base na an\u00e1lise de curr\u00edculos. \u201cO processo seletivo foi baseado na an\u00e1lise do curr\u00edculo. Eles fizeram a an\u00e1lise, selecionaram as pessoas que, pelo menos eu acho, t\u00eam mais aptid\u00e3o para aplicar o curso. A expectativa \u00e9 grande\u201d.<\/p>\n<p>O projeto faz parte do Programa de Apoio ao Desenvolvimento Institucional do Sistema \u00danico de Sa\u00fade, que possibilita \u00e0s entidades de sa\u00fade participarem do desenvolvimento do SUS, compartilhando tecnologias e experi\u00eancias com outros hospitais. Em cada cidade, uma unidade de sa\u00fade foi escolhida para ministrar as aulas.<\/p>\n<p>Da Ag\u00eancia Brasil<br \/>\nEdi\u00e7\u00e3o: Val\u00e9ria Aguiar<\/p>\n","protected":false},"excerpt":{"rendered":"<p>Rio de Janeiro \u2013 M\u00e9dicos, enfermeiros e outros profissionais da sa\u00fade come\u00e7aram hoje (28) um treinamento para atender \u00e0 demanda de pacientes nas 12 cidades que sediar\u00e3o os jogos da Copa do Mundo de 2014. No Rio, onde ser\u00e1 disputada a final, haver\u00e1 120 profissionais treinados em vigil\u00e2ncia sanit\u00e1ria e gest\u00e3o de emerg\u00eancia em sa\u00fade [&hellip;]<\/p>\n","protected":false},"author":2,"featured_media":30249,"comment_status":"open","ping_status":"closed","sticky":false,"template":"","format":"standard","meta":{"tdm_status":"","tdm_grid_status":"","footnotes":""},"categories":[22],"tags":[],"class_list":{"0":"post-46684","1":"post","2":"type-post","3":"status-publish","4":"format-standard","5":"has-post-thumbnail","7":"category-brasil"},"_links":{"self":[{"href":"https:\/\/migracao.redenoticia.com.br\/noticia\/wp-json\/wp\/v2\/posts\/46684","targetHints":{"allow":["GET"]}}],"collection":[{"href":"https:\/\/migracao.redenoticia.com.br\/noticia\/wp-json\/wp\/v2\/posts"}],"about":[{"href":"https:\/\/migracao.redenoticia.com.br\/noticia\/wp-json\/wp\/v2\/types\/post"}],"author":[{"embeddable":true,"href":"https:\/\/migracao.redenoticia.com.br\/noticia\/wp-json\/wp\/v2\/users\/2"}],"replies":[{"embeddable":true,"href":"https:\/\/migracao.redenoticia.com.br\/noticia\/wp-json\/wp\/v2\/comments?post=46684"}],"version-history":[{"count":0,"href":"https:\/\/migracao.redenoticia.com.br\/noticia\/wp-json\/wp\/v2\/posts\/46684\/revisions"}],"wp:featuredmedia":[{"embeddable":true,"href":"https:\/\/migracao.redenoticia.com.br\/noticia\/wp-json\/wp\/v2\/media\/30249"}],"wp:attachment":[{"href":"https:\/\/migracao.redenoticia.com.br\/noticia\/wp-json\/wp\/v2\/media?parent=46684"}],"wp:term":[{"taxonomy":"category","embeddable":true,"href":"https:\/\/migracao.redenoticia.com.br\/noticia\/wp-json\/wp\/v2\/categories?post=46684"},{"taxonomy":"post_tag","embeddable":true,"href":"https:\/\/migracao.redenoticia.com.br\/noticia\/wp-json\/wp\/v2\/tags?post=46684"}],"curies":[{"name":"wp","href":"https:\/\/api.w.org\/{rel}","templated":true}]}}