{"id":46702,"date":"2013-09-02T21:24:40","date_gmt":"2013-09-03T00:24:40","guid":{"rendered":"http:\/\/www.redenoticia.com.br\/noticia\/?p=46702"},"modified":"2013-09-02T21:24:51","modified_gmt":"2013-09-03T00:24:51","slug":"novela-flor-do-caribe-o-namorado-famoso-de-cristal-chega-na-vila","status":"publish","type":"post","link":"https:\/\/migracao.redenoticia.com.br\/noticia\/2013\/novela-flor-do-caribe-o-namorado-famoso-de-cristal-chega-na-vila\/46702","title":{"rendered":"Novela Flor do Caribe &#8211; Cristal apresenta namorado famoso"},"content":{"rendered":"<p><a href=\"https:\/\/migracao.redenoticia.com.br\/noticia\/imagens\/flor-do-caribe-resumo-novela-capitulo-episodio-rede-globo-proximo.jpg\"><img loading=\"lazy\" decoding=\"async\" class=\"alignleft size-medium wp-image-45196\" alt=\"flor do caribe resumo novela capitulo episodio rede globo proximo\" src=\"https:\/\/migracao.redenoticia.com.br\/noticia\/imagens\/flor-do-caribe-resumo-novela-capitulo-episodio-rede-globo-proximo-250x160.jpg\" width=\"250\" height=\"160\" \/><\/a><strong><em>Novela Flor do Caribe<\/em><\/strong> &#8211; a cantora Cristal (Moro Anghlieri) chega no Flor do Caribe para fazer um show no dia do anivers\u00e1rio de Mariz\u00e9 (Livian Arag\u00e3o), com o namorado jogador de futebol: Fred. O centro-avante chega causando ao lado da cantora e faz o maior sucesso entre o pessoal de Vila dos Ventos.\u00a0Os astros da noite posam juntos para as fotos. Amaralina (Sthefany Brito) leva o casal para falar com a aniversariante. Mariz\u00e9 ganha uma camiseta da sele\u00e7\u00e3o brasileira autografada. Cristal apresenta Fred a Cassiano (Henri Castelli) e a Ester (Grazi Massafera). Rodrigo (Thiago Martins), Ciro (Max Fercondini) e Amadeu (Dudu Azevedo) chegam perto deles e puxam assunto com o craque.<\/p>\n<p>Fonte Rede Globo \u2013 novela Flor do Caribe<\/p>\n<p>A hist\u00f3ria se passa na fict\u00edcia Vila dos Ventos. Flor do Caribe apresenta parte do elenco estreante na televis\u00e3o. \u00c9 o caso do ator Igor Rickli, do uruguaio Cesar Troncoso e da argentina Moro Anghileri. Na novela, amigos de inf\u00e2ncia se tornam rivais por um grande amor. Cassiano (Henri Castelli), Ester (Grazi Massafera) e Alberto (Igor Rickli) s\u00e3o amigos de inf\u00e2ncia em Flor do Caribe. Segundo a Rede Globo as temporadas de f\u00e9rias em Vila dos Ventos, uma cidade no litoral do Rio Grande do Norte, aproximaram os tr\u00eas, mas suas vidas seguiram caminhos distintos. Alberto se afasta por alguns anos para receber a forma\u00e7\u00e3o que lhe cabe como herdeiro do imp\u00e9rio constru\u00eddo pela fam\u00edlia Albuquerque, enquanto Ester e Cassiano vivem o amor que sentem um pelo outro e lutam para alcan\u00e7ar seus objetivos.<\/p>\n","protected":false},"excerpt":{"rendered":"<p>Novela Flor do Caribe &#8211; a cantora Cristal (Moro Anghlieri) chega no Flor do Caribe para fazer um show no dia do anivers\u00e1rio de Mariz\u00e9 (Livian Arag\u00e3o), com o namorado jogador de futebol: Fred. O centro-avante chega causando ao lado da cantora e faz o maior sucesso entre o pessoal de Vila dos Ventos.\u00a0Os astros [&hellip;]<\/p>\n","protected":false},"author":2,"featured_media":45196,"comment_status":"open","ping_status":"closed","sticky":false,"template":"","format":"standard","meta":{"tdm_status":"","tdm_grid_status":"","footnotes":""},"categories":[379,375,343],"tags":[],"class_list":{"0":"post-46702","1":"post","2":"type-post","3":"status-publish","4":"format-standard","5":"has-post-thumbnail","7":"category-novelas","8":"category-rede-globo","9":"category-televisao"},"_links":{"self":[{"href":"https:\/\/migracao.redenoticia.com.br\/noticia\/wp-json\/wp\/v2\/posts\/46702","targetHints":{"allow":["GET"]}}],"collection":[{"href":"https:\/\/migracao.redenoticia.com.br\/noticia\/wp-json\/wp\/v2\/posts"}],"about":[{"href":"https:\/\/migracao.redenoticia.com.br\/noticia\/wp-json\/wp\/v2\/types\/post"}],"author":[{"embeddable":true,"href":"https:\/\/migracao.redenoticia.com.br\/noticia\/wp-json\/wp\/v2\/users\/2"}],"replies":[{"embeddable":true,"href":"https:\/\/migracao.redenoticia.com.br\/noticia\/wp-json\/wp\/v2\/comments?post=46702"}],"version-history":[{"count":0,"href":"https:\/\/migracao.redenoticia.com.br\/noticia\/wp-json\/wp\/v2\/posts\/46702\/revisions"}],"wp:featuredmedia":[{"embeddable":true,"href":"https:\/\/migracao.redenoticia.com.br\/noticia\/wp-json\/wp\/v2\/media\/45196"}],"wp:attachment":[{"href":"https:\/\/migracao.redenoticia.com.br\/noticia\/wp-json\/wp\/v2\/media?parent=46702"}],"wp:term":[{"taxonomy":"category","embeddable":true,"href":"https:\/\/migracao.redenoticia.com.br\/noticia\/wp-json\/wp\/v2\/categories?post=46702"},{"taxonomy":"post_tag","embeddable":true,"href":"https:\/\/migracao.redenoticia.com.br\/noticia\/wp-json\/wp\/v2\/tags?post=46702"}],"curies":[{"name":"wp","href":"https:\/\/api.w.org\/{rel}","templated":true}]}}