{"id":46716,"date":"2013-09-22T12:31:44","date_gmt":"2013-09-22T15:31:44","guid":{"rendered":"http:\/\/www.redenoticia.com.br\/noticia\/?p=46716"},"modified":"2013-09-23T00:29:46","modified_gmt":"2013-09-23T03:29:46","slug":"novela-pecado-mortal-dinamica-de-seriado-americano-e-imagem-de-cinema","status":"publish","type":"post","link":"https:\/\/migracao.redenoticia.com.br\/noticia\/2013\/novela-pecado-mortal-dinamica-de-seriado-americano-e-imagem-de-cinema\/46716","title":{"rendered":"Novela Pecado Mortal &#8211; din\u00e2mica de seriado americano"},"content":{"rendered":"<p><a href=\"https:\/\/migracao.redenoticia.com.br\/noticia\/imagens\/novela-pecado-mortal-record.jpg\"><img loading=\"lazy\" decoding=\"async\" class=\"alignleft size-medium wp-image-46717\" alt=\"novela-pecado-mortal-record\" src=\"https:\/\/migracao.redenoticia.com.br\/noticia\/imagens\/novela-pecado-mortal-record-250x160.jpg\" width=\"250\" height=\"160\" \/><\/a><strong><em>Novela Pecado Mortal<\/em><\/strong> &#8211; escrita por Carlos Lombardi, a novela Pecado Mortal estreia em setembro na Rede Record. Novela vai substituir a trama Dona Xepa na grade da emissora.\u00a0A hist\u00f3ria abordar\u00e1 o aumento das favelas, o uso de drogas e as disputas de poder entre traficantes e bicheiros do Rio de Janeiro em 1970. Tem muita praia e muito sol na nova novela.<\/p>\n<p>Em Pecado Mortal Carl\u00e3o \u00e9 mesmo s\u00f3 um hippie que deu o golpe do ba\u00fa? Personagem de Fernando Pav\u00e3o guarda um segredo que pode mudar sua vida. M\u00e3e de dois filhos, a promotora Patr\u00edcia n\u00e3o tolera mentiras. Patr\u00edcia ser\u00e1 vivida por Simone Spoladore na trama de Carlos Lombardi. A Stripper Laura enfrenta qualquer um, menos o pr\u00f3prio filho. Carla Cabral d\u00e1 vida \u00e0 enfermeira que completa a renda fazendo striptease.<\/p>\n<p>Omar Ascar \u00e9 o bicheiro rival do vil\u00e3o Michelle V\u00eaneto. Policial corrupto ser\u00e1 interpretado por Vitor Hugo, o Jud\u00e1 de Jos\u00e9 do Egito. Denise Del Vecchio \u00e9 a Corregedora das Dores, dura e inflex\u00edvel. Desconfia do car\u00e1ter de Picasso (Vitor Hugo), um policial que se auto intitula o melhor tira.<\/p>\n<p>Sobrinho de Omar Ashcar (Ricardo Petraglia), antigo bicheiro de Niter\u00f3i, Danilo (Gustavo Machado) assumiu o posto de segundo em comando, sob circunst\u00e2ncias question\u00e1veis. Veste-se como um homem de neg\u00f3cios durante o dia e um playboy abastado \u00e0 noite.<\/p>\n<p>Seu maior interesse \u00e9 derrubar os V\u00eaneto e dominar o Morro do Pinguim, ampliando seus neg\u00f3cios pela zona sul do Rio. Mas ele enfrenta a perigosa concorr\u00eancia de Lili (La\u00edze C\u00e2mara), segunda esposa de Omar.<\/p>\n<p>O diretor geral da trama, Alexandre Avancini, j\u00e1 adiantou que a novela ter\u00e1 din\u00e2mica de seriado americano e imagem de cinema.<\/p>\n","protected":false},"excerpt":{"rendered":"<p>Novela Pecado Mortal &#8211; escrita por Carlos Lombardi, a novela Pecado Mortal estreia em setembro na Rede Record. Novela vai substituir a trama Dona Xepa na grade da emissora.\u00a0A hist\u00f3ria abordar\u00e1 o aumento das favelas, o uso de drogas e as disputas de poder entre traficantes e bicheiros do Rio de Janeiro em 1970. Tem [&hellip;]<\/p>\n","protected":false},"author":2,"featured_media":46717,"comment_status":"open","ping_status":"closed","sticky":false,"template":"","format":"standard","meta":{"tdm_status":"","tdm_grid_status":"","footnotes":""},"categories":[379,371,343],"tags":[],"class_list":{"0":"post-46716","1":"post","2":"type-post","3":"status-publish","4":"format-standard","5":"has-post-thumbnail","7":"category-novelas","8":"category-rede-record","9":"category-televisao"},"_links":{"self":[{"href":"https:\/\/migracao.redenoticia.com.br\/noticia\/wp-json\/wp\/v2\/posts\/46716","targetHints":{"allow":["GET"]}}],"collection":[{"href":"https:\/\/migracao.redenoticia.com.br\/noticia\/wp-json\/wp\/v2\/posts"}],"about":[{"href":"https:\/\/migracao.redenoticia.com.br\/noticia\/wp-json\/wp\/v2\/types\/post"}],"author":[{"embeddable":true,"href":"https:\/\/migracao.redenoticia.com.br\/noticia\/wp-json\/wp\/v2\/users\/2"}],"replies":[{"embeddable":true,"href":"https:\/\/migracao.redenoticia.com.br\/noticia\/wp-json\/wp\/v2\/comments?post=46716"}],"version-history":[{"count":0,"href":"https:\/\/migracao.redenoticia.com.br\/noticia\/wp-json\/wp\/v2\/posts\/46716\/revisions"}],"wp:featuredmedia":[{"embeddable":true,"href":"https:\/\/migracao.redenoticia.com.br\/noticia\/wp-json\/wp\/v2\/media\/46717"}],"wp:attachment":[{"href":"https:\/\/migracao.redenoticia.com.br\/noticia\/wp-json\/wp\/v2\/media?parent=46716"}],"wp:term":[{"taxonomy":"category","embeddable":true,"href":"https:\/\/migracao.redenoticia.com.br\/noticia\/wp-json\/wp\/v2\/categories?post=46716"},{"taxonomy":"post_tag","embeddable":true,"href":"https:\/\/migracao.redenoticia.com.br\/noticia\/wp-json\/wp\/v2\/tags?post=46716"}],"curies":[{"name":"wp","href":"https:\/\/api.w.org\/{rel}","templated":true}]}}