{"id":46840,"date":"2013-09-04T00:27:13","date_gmt":"2013-09-04T03:27:13","guid":{"rendered":"http:\/\/www.redenoticia.com.br\/noticia\/?p=46840"},"modified":"2013-09-04T00:30:45","modified_gmt":"2013-09-04T03:30:45","slug":"a-fazenda-votacao-em-beto-e-mateus-movimenta-as-enquetes","status":"publish","type":"post","link":"https:\/\/migracao.redenoticia.com.br\/noticia\/2013\/a-fazenda-votacao-em-beto-e-mateus-movimenta-as-enquetes\/46840","title":{"rendered":"A Fazenda &#8211; vota\u00e7\u00e3o em Beto e Mateus movimentou as enquetes"},"content":{"rendered":"<p><em><strong><a href=\"https:\/\/migracao.redenoticia.com.br\/noticia\/imagens\/a-fazenda.jpg\"><img loading=\"lazy\" decoding=\"async\" class=\"alignleft size-medium wp-image-17419\" alt=\"a fazenda\" src=\"https:\/\/migracao.redenoticia.com.br\/noticia\/imagens\/a-fazenda-250x160.jpg\" width=\"250\" height=\"160\" srcset=\"https:\/\/migracao.redenoticia.com.br\/noticia\/imagens\/a-fazenda-250x160.jpg 250w, https:\/\/migracao.redenoticia.com.br\/noticia\/imagens\/a-fazenda-150x96.jpg 150w, https:\/\/migracao.redenoticia.com.br\/noticia\/imagens\/a-fazenda.jpg 300w\" sizes=\"auto, (max-width: 250px) 100vw, 250px\" \/><\/a>A Fazenda<\/strong>\u00a0<\/em>&#8211; na noite desta ter\u00e7a-feira, 03\/09, Mateus Verdelho\u00a0recebeu 62% dos votos v\u00e1lidos para permanecer no programa A Fazenda. Beto Malfacini recebeu 38% dos votos e foi o oitavo eliminado da temporada. Tudo come\u00e7ou na\u00a0noite do domingo (01\/09). Quatro pe\u00f5es n\u00e3o estavam imunes e disputaram uma prova com diferentes n\u00edveis de dificuldades: Beto Malfacini, Mulher Fil\u00e9, Yudi Tamashiro e Mateus Verdelho. Os pe\u00f5es com os piores resultados foram parar na ro\u00e7a. Yudi\u00a0e\u00a0Mulher Fil\u00e9\u00a0se salvaram.\u00a0Beto\u00a0e Mateus\u00a0disputaram os votos oficiais para permanecerem no jogo. A disputa na\u00a0<em><strong>vota\u00e7\u00e3o<\/strong><\/em>\u00a0da enquete de diversos portais come\u00e7ou acirrada. Na\u00a0enquete\u00a0BOL: &#8211; 02\/09, 00h20, 65% Beto, 35%\u00a0Mateus. Na\u00a0<em><strong>enquete<\/strong><\/em>\u00a0UOL: &#8211; 02\/09, 08h10, 54% Beto, 46%\u00a0Mateus.<br \/>\n&#8211; 02\/09, 11h18, 50% Beto, 50%\u00a0Mateus.<br \/>\n&#8211; 02\/09, 23h58, 50% Beto, 50%\u00a0Mateus.<br \/>\n&#8211; 03\/09, 21h57, 53% Beto, 47%\u00a0Mateus.<\/p>\n<p>O voto v\u00e1lido foi registrado no portal oficial do programa A Fazenda Rede Record.<\/p>\n<p>A elimina\u00e7\u00e3o aconteceu na noite de ter\u00e7a-feira, 03\/09.<\/p>\n<p>Rede Record A Fazenda<\/p>\n<p>&#8212;<\/p>\n<p>Como foi a forma\u00e7\u00e3o da ro\u00e7a:\u00a0na noite do s\u00e1bado (31\/08) a equipe com maior numero de concorrentes, Ovelha, ganhou imunidade. Andressa Urach revelou o Poder da Arca. Com o primeiro envelope ela indicou dois pe\u00f5es da equipe Ovelha para a disputa do cargo de Fazendeiro: Gominho e Barbara. Com o segundo envelope, os pe\u00f5es elegeram Gominho o Fazendeiro da Semana (votos de Beto Malfacini, Denise Rocha, Marcos Oliver, Mulher Fil\u00e9 e Yudi Tamashiro). Com o \u00faltimo envelope, Andressa ganhou dez mil reais.<\/p>\n","protected":false},"excerpt":{"rendered":"<p>A Fazenda\u00a0&#8211; na noite desta ter\u00e7a-feira, 03\/09, Mateus Verdelho\u00a0recebeu 62% dos votos v\u00e1lidos para permanecer no programa A Fazenda. Beto Malfacini recebeu 38% dos votos e foi o oitavo eliminado da temporada. Tudo come\u00e7ou na\u00a0noite do domingo (01\/09). Quatro pe\u00f5es n\u00e3o estavam imunes e disputaram uma prova com diferentes n\u00edveis de dificuldades: Beto Malfacini, Mulher [&hellip;]<\/p>\n","protected":false},"author":2,"featured_media":17419,"comment_status":"open","ping_status":"closed","sticky":false,"template":"","format":"standard","meta":{"tdm_status":"","tdm_grid_status":"","footnotes":""},"categories":[406,371,343],"tags":[],"class_list":{"0":"post-46840","1":"post","2":"type-post","3":"status-publish","4":"format-standard","5":"has-post-thumbnail","7":"category-a-fazenda","8":"category-rede-record","9":"category-televisao"},"_links":{"self":[{"href":"https:\/\/migracao.redenoticia.com.br\/noticia\/wp-json\/wp\/v2\/posts\/46840","targetHints":{"allow":["GET"]}}],"collection":[{"href":"https:\/\/migracao.redenoticia.com.br\/noticia\/wp-json\/wp\/v2\/posts"}],"about":[{"href":"https:\/\/migracao.redenoticia.com.br\/noticia\/wp-json\/wp\/v2\/types\/post"}],"author":[{"embeddable":true,"href":"https:\/\/migracao.redenoticia.com.br\/noticia\/wp-json\/wp\/v2\/users\/2"}],"replies":[{"embeddable":true,"href":"https:\/\/migracao.redenoticia.com.br\/noticia\/wp-json\/wp\/v2\/comments?post=46840"}],"version-history":[{"count":0,"href":"https:\/\/migracao.redenoticia.com.br\/noticia\/wp-json\/wp\/v2\/posts\/46840\/revisions"}],"wp:featuredmedia":[{"embeddable":true,"href":"https:\/\/migracao.redenoticia.com.br\/noticia\/wp-json\/wp\/v2\/media\/17419"}],"wp:attachment":[{"href":"https:\/\/migracao.redenoticia.com.br\/noticia\/wp-json\/wp\/v2\/media?parent=46840"}],"wp:term":[{"taxonomy":"category","embeddable":true,"href":"https:\/\/migracao.redenoticia.com.br\/noticia\/wp-json\/wp\/v2\/categories?post=46840"},{"taxonomy":"post_tag","embeddable":true,"href":"https:\/\/migracao.redenoticia.com.br\/noticia\/wp-json\/wp\/v2\/tags?post=46840"}],"curies":[{"name":"wp","href":"https:\/\/api.w.org\/{rel}","templated":true}]}}