{"id":46884,"date":"2013-09-02T19:39:31","date_gmt":"2013-09-02T22:39:31","guid":{"rendered":"http:\/\/www.redenoticia.com.br\/noticia\/?p=46884"},"modified":"2013-09-02T19:39:31","modified_gmt":"2013-09-02T22:39:31","slug":"balanca-comercial-fecha-agosto-com-menor-resultado-desde-2002","status":"publish","type":"post","link":"https:\/\/migracao.redenoticia.com.br\/noticia\/2013\/balanca-comercial-fecha-agosto-com-menor-resultado-desde-2002\/46884","title":{"rendered":"Balan\u00e7a comercial fecha agosto com menor resultado desde 2002"},"content":{"rendered":"<p>Bras\u00edlia \u2013 A <em><strong>balan\u00e7a comercial<\/strong> <\/em>encerrou o m\u00eas de agosto com super\u00e1vit (exporta\u00e7\u00f5es maiores que importa\u00e7\u00f5es) de US$ 1,226 bilh\u00e3o. Apesar de positivo, o resultado \u00e9 61,9% inferior ao registrado no mesmo per\u00edodo de 2012, quando a balan\u00e7a ficou superavit\u00e1ria em US$ 3,222 bilh\u00f5es. Al\u00e9m disso, trata-se do pior resultado para meses de agosto desde 2002.<\/p>\n<p>No acumulado do ano, o saldo comercial continua deficit\u00e1rio, em US$ 3,764 bilh\u00f5es, o n\u00famero mais fraco para per\u00edodos de janeiro a agosto desde 1995. O saldo comercial positivo em agosto foi resultado de exporta\u00e7\u00f5es no valor de US$ 21,425 bilh\u00f5es e de importa\u00e7\u00f5es no valor de US$ 20,199 bilh\u00f5es. Os dados foram divulgados hoje (2) pelo Minist\u00e9rio do Desenvolvimento, da Ind\u00fastria e do Com\u00e9rcio Exterior.<\/p>\n<p>As exporta\u00e7\u00f5es mensais foram puxadas pelos produtos b\u00e1sicos, cujas vendas externas cresceram 2,9% na compara\u00e7\u00e3o com agosto de 2012, segundo o crit\u00e9rio da m\u00e9dia di\u00e1ria. Cresceu principalmente o com\u00e9rcio de soja em gr\u00e3o (aumento de 112,2%), min\u00e9rio de cobre (alta de 69,9%), carne bovina (17,3%), carne de frango (14%), carne su\u00edna (6,1%) e milho (2,5%). Os produtos de maior valor agregado continuaram a registrar retra\u00e7\u00e3o nas vendas. Os neg\u00f3cios envolvendo itens manufaturados recuaram 3,5% e as vendas externas de semimanufaturados ca\u00edram 4,9%.<\/p>\n<p>Quanto \u00e0s compras do Brasil no exterior, a aquisi\u00e7\u00e3o de combust\u00edveis e lubrificantes encabe\u00e7ou o crescimento das importa\u00e7\u00f5es, mantendo a trajet\u00f3ria ascendente este ano. Houve crescimento de 41,4% nas compras desses produtos, levando-se em conta a m\u00e9dia di\u00e1ria. Em fun\u00e7\u00e3o da parada programada para manuten\u00e7\u00e3o de algumas plataformas de petr\u00f3leo, o pa\u00eds est\u00e1 importando mais e exportando menos este item. Na avalia\u00e7\u00e3o de parte do setor privado, a situa\u00e7\u00e3o pode levar a balan\u00e7a comercial brasileira a encerrar o ano de 2013 com um pequeno d\u00e9ficit.<\/p>\n<p>Mariana Branco<br \/>\nRep\u00f3rter da Ag\u00eancia Brasil<br \/>\nEdi\u00e7\u00e3o: Carolina Pimentel<\/p>\n","protected":false},"excerpt":{"rendered":"<p>Bras\u00edlia \u2013 A balan\u00e7a comercial encerrou o m\u00eas de agosto com super\u00e1vit (exporta\u00e7\u00f5es maiores que importa\u00e7\u00f5es) de US$ 1,226 bilh\u00e3o. Apesar de positivo, o resultado \u00e9 61,9% inferior ao registrado no mesmo per\u00edodo de 2012, quando a balan\u00e7a ficou superavit\u00e1ria em US$ 3,222 bilh\u00f5es. Al\u00e9m disso, trata-se do pior resultado para meses de agosto desde [&hellip;]<\/p>\n","protected":false},"author":2,"featured_media":40734,"comment_status":"open","ping_status":"closed","sticky":false,"template":"","format":"standard","meta":{"tdm_status":"","tdm_grid_status":"","footnotes":""},"categories":[22,7],"tags":[],"class_list":{"0":"post-46884","1":"post","2":"type-post","3":"status-publish","4":"format-standard","5":"has-post-thumbnail","7":"category-brasil","8":"category-economia"},"_links":{"self":[{"href":"https:\/\/migracao.redenoticia.com.br\/noticia\/wp-json\/wp\/v2\/posts\/46884","targetHints":{"allow":["GET"]}}],"collection":[{"href":"https:\/\/migracao.redenoticia.com.br\/noticia\/wp-json\/wp\/v2\/posts"}],"about":[{"href":"https:\/\/migracao.redenoticia.com.br\/noticia\/wp-json\/wp\/v2\/types\/post"}],"author":[{"embeddable":true,"href":"https:\/\/migracao.redenoticia.com.br\/noticia\/wp-json\/wp\/v2\/users\/2"}],"replies":[{"embeddable":true,"href":"https:\/\/migracao.redenoticia.com.br\/noticia\/wp-json\/wp\/v2\/comments?post=46884"}],"version-history":[{"count":0,"href":"https:\/\/migracao.redenoticia.com.br\/noticia\/wp-json\/wp\/v2\/posts\/46884\/revisions"}],"wp:featuredmedia":[{"embeddable":true,"href":"https:\/\/migracao.redenoticia.com.br\/noticia\/wp-json\/wp\/v2\/media\/40734"}],"wp:attachment":[{"href":"https:\/\/migracao.redenoticia.com.br\/noticia\/wp-json\/wp\/v2\/media?parent=46884"}],"wp:term":[{"taxonomy":"category","embeddable":true,"href":"https:\/\/migracao.redenoticia.com.br\/noticia\/wp-json\/wp\/v2\/categories?post=46884"},{"taxonomy":"post_tag","embeddable":true,"href":"https:\/\/migracao.redenoticia.com.br\/noticia\/wp-json\/wp\/v2\/tags?post=46884"}],"curies":[{"name":"wp","href":"https:\/\/api.w.org\/{rel}","templated":true}]}}