{"id":4692,"date":"2009-07-06T09:12:32","date_gmt":"2009-07-06T13:12:32","guid":{"rendered":"http:\/\/www.redenoticia.com.br\/noticia\/?p=4692"},"modified":"2009-07-06T09:12:32","modified_gmt":"2009-07-06T13:12:32","slug":"previsao-do-tempo-nesta-segunda-06-de-julho","status":"publish","type":"post","link":"https:\/\/migracao.redenoticia.com.br\/noticia\/2009\/previsao-do-tempo-nesta-segunda-06-de-julho\/4692","title":{"rendered":"Previs\u00e3o do tempo nesta segunda 06 de Julho"},"content":{"rendered":"<p>Na regi\u00e3o central do Brasil, massa de ar seco garante tempo aberto. \u00c1reas de instabilidade propagam-se pela Regi\u00e3o Sul, onde causam chuvas isoladas e com baixo acumulado no Rio Grande do Sul, norte de Santa Catarina e leste do Paran\u00e1. Segundo os meteorologistas da Somar, as chuvas ser\u00e3o mais intensas apenas no extremo sul e no norte e noroeste do Rio Grande do Sul, onde o acumulado poder\u00e1 chegar a 30mm em 24 horas. Ap\u00f3s o frio da manh\u00e3, as temperaturas atingem entre 20\u00b0C e 23\u00b0C durante a tarde na maior parte da Regi\u00e3o.<\/p>\n<p>No Sudeste e Centro-Oeste, uma grande massa de ar seco garante uma segunda-feira com tempo firme na maior parte das duas Regi\u00f5es. Apenas no extremo sul de S\u00e3o Paulo e extremo norte do Esp\u00edrito Santo h\u00e1 previs\u00e3o de chuvas fracas e isoladas. Mesmo com o tempo seco, faz frio na maior parte de Minas Gerais e interior dos Estados do Rio de Janeiro e do Esp\u00edrito Santo, com m\u00e1xima de apenas 20\u00b0C nos tr\u00eas Estados. Em S\u00e3o Paulo, a sensa\u00e7\u00e3o t\u00e9rmica ser\u00e1 mais agrad\u00e1vel. J\u00e1 em todo o Centro-Oeste, faz muito calor, com m\u00e1xima pr\u00f3xima de 35\u00b0C em boa parte de Mato Grosso e noroeste de Mato Grosso do Sul, em torno dos 30\u00b0C em Goi\u00e1s e dos 26\u00b0C no Distrito Federal. Al\u00e9m do calor, a umidade relativa do ar continua muito baixa na maior parte do Centro-Oeste.<\/p>\n<p>No Nordeste, \u00e1reas de instabilidade conhecidas por Ondas de Leste ganham muita for\u00e7a nesta segunda-feira e avan\u00e7am interior adentro, provocando chuvas em todo o Rio Grande do Norte e Para\u00edba. Al\u00e9m disso, chove ao longo do litoral e zona da mata da Bahia, Sergipe e Alagoas, no leste e litoral do Cear\u00e1 e na costa do Piau\u00ed e do Maranh\u00e3o. Esperam-se chuvas fortes, com acumulado de mais de 30mm em 24 horas, e transtornos no leste e sul do Rio Grande do Norte, centro e leste da Para\u00edba e costa norte de Pernambuco. Nas demais \u00e1reas, as chuvas ser\u00e3o mais fracas. Na maior parte do interior da Regi\u00e3o, o tempo permanece seco, com sol entre nuvens. Faz calor entre o Piau\u00ed e o Maranh\u00e3o, com m\u00e1xima de quase 35\u00b0C. J\u00e1 no sul da Bahia e entre o leste do Cear\u00e1 e o Estado de Alagoas, por conta das chuvas e da grande quantidade de nuvens, a sensa\u00e7\u00e3o ser\u00e1 de frio, com m\u00e1xima entre 20\u00b0C e 23\u00b0C.<\/p>\n<p>\u00c1reas de instabilidade tamb\u00e9m propagam-se pela Regi\u00e3o Norte, onde causam pancadas de chuva e trovoadas no Acre, oeste, centro e norte do Amazonas, Roraima, norte do Par\u00e1 e Amap\u00e1, por\u00e9m n\u00e3o h\u00e1 previs\u00e3o de grandes acumulados. Entre o Tocantins, leste do Amazonas e Rond\u00f4nia, o tempo permanece seco e ensolarado. Mesmo com as pancadas de chuva faz calor em toda a Regi\u00e3o e a m\u00e1xima chega a quase 35\u00b0C em v\u00e1rias localidades.<\/p>\n<p>Fonte SOMAR\u00a0 Maxpress<\/p>\n","protected":false},"excerpt":{"rendered":"<p>Na regi\u00e3o central do Brasil, massa de ar seco garante tempo aberto. \u00c1reas de instabilidade propagam-se pela Regi\u00e3o Sul, onde causam chuvas isoladas e com baixo acumulado no Rio Grande do Sul, norte de Santa Catarina e leste do Paran\u00e1. Segundo os meteorologistas da Somar, as chuvas ser\u00e3o mais intensas apenas no extremo sul e [&hellip;]<\/p>\n","protected":false},"author":3,"featured_media":0,"comment_status":"open","ping_status":"open","sticky":false,"template":"","format":"standard","meta":{"tdm_status":"","tdm_grid_status":"","footnotes":""},"categories":[22],"tags":[],"class_list":{"0":"post-4692","1":"post","2":"type-post","3":"status-publish","4":"format-standard","6":"category-brasil"},"_links":{"self":[{"href":"https:\/\/migracao.redenoticia.com.br\/noticia\/wp-json\/wp\/v2\/posts\/4692","targetHints":{"allow":["GET"]}}],"collection":[{"href":"https:\/\/migracao.redenoticia.com.br\/noticia\/wp-json\/wp\/v2\/posts"}],"about":[{"href":"https:\/\/migracao.redenoticia.com.br\/noticia\/wp-json\/wp\/v2\/types\/post"}],"author":[{"embeddable":true,"href":"https:\/\/migracao.redenoticia.com.br\/noticia\/wp-json\/wp\/v2\/users\/3"}],"replies":[{"embeddable":true,"href":"https:\/\/migracao.redenoticia.com.br\/noticia\/wp-json\/wp\/v2\/comments?post=4692"}],"version-history":[{"count":0,"href":"https:\/\/migracao.redenoticia.com.br\/noticia\/wp-json\/wp\/v2\/posts\/4692\/revisions"}],"wp:attachment":[{"href":"https:\/\/migracao.redenoticia.com.br\/noticia\/wp-json\/wp\/v2\/media?parent=4692"}],"wp:term":[{"taxonomy":"category","embeddable":true,"href":"https:\/\/migracao.redenoticia.com.br\/noticia\/wp-json\/wp\/v2\/categories?post=4692"},{"taxonomy":"post_tag","embeddable":true,"href":"https:\/\/migracao.redenoticia.com.br\/noticia\/wp-json\/wp\/v2\/tags?post=4692"}],"curies":[{"name":"wp","href":"https:\/\/api.w.org\/{rel}","templated":true}]}}