{"id":4695,"date":"2009-07-06T09:17:22","date_gmt":"2009-07-06T13:17:22","guid":{"rendered":"http:\/\/www.redenoticia.com.br\/noticia\/?p=4695"},"modified":"2009-07-06T09:17:22","modified_gmt":"2009-07-06T13:17:22","slug":"previsao-do-tempo-na-regiao-sul-0607","status":"publish","type":"post","link":"https:\/\/migracao.redenoticia.com.br\/noticia\/2009\/previsao-do-tempo-na-regiao-sul-0607\/4695","title":{"rendered":"Previs\u00e3o do tempo na regi\u00e3o sul (06\/07)"},"content":{"rendered":"<p>As chuvas desta segunda-feira no Sul do Pa\u00eds ainda ser\u00e3o isoladas e com baixo acumulado no Rio Grande do Sul, norte de Santa Catarina e leste do Paran\u00e1. Apenas no extremo sul, norte e noroeste ga\u00facho h\u00e1 previs\u00e3o de chuvas mais intensas. O frio tamb\u00e9m diminui e hoje a m\u00e1xima fica entre 20\u00b0C e 23\u00b0C durante a tarde na maior parte da Regi\u00e3o.<\/p>\n<p>De acordo com os meteorologistas da Somar, amanh\u00e3 uma frente fria chega \u00e0 Regi\u00e3o Sul e organiza as \u00e1reas de instabilidade e as chuvas. A previs\u00e3o \u00e9 de precipita\u00e7\u00f5es generalizadas no centro e norte do Rio Grande do Sul, oeste e sul de Santa Catarina e no sudoeste do Paran\u00e1. H\u00e1 risco de queda de granizo e rajadas em torno dos 70km\/h. Mesmo com as chuvas, a temperatura permanece agrad\u00e1vel no per\u00edodo da tarde, com valores entre 20\u00b0C e 23\u00b0C na maior parte da dos Estados.<\/p>\n<p>Na quarta-feira, a previs\u00e3o \u00e9 de temporais generalizados na Regi\u00e3o. Segundo o meteorologista Celso Oliveira, o sistema frontal ganha for\u00e7a e provoca acumulados superiores a 60mm em 24 horas em boa parte do norte do Rio Grande do Sul, oeste de Santa Catarina e sudoeste do Paran\u00e1. Al\u00e9m do risco de queda de granizo nos tr\u00eas Estados, esperam-se rajadas de vento de at\u00e9 90km\/h entre o extremo noroeste do Rio Grande do Sul e o extremo oeste de Santa Catarina. A temperatura m\u00e1xima tamb\u00e9m entra em decl\u00ednio no Rio Grande do Sul, boa parte de Santa Catarina e no extremo sul do Paran\u00e1 e os valores n\u00e3o passam dos 20\u00b0C.<\/p>\n<p>Na quinta-feira a frente fria avan\u00e7a pela Regi\u00e3o Sul e provoca chuvas generalizadas no nordeste do Rio Grande do Sul, centro e leste de Santa Catarina e na maior parte do Paran\u00e1. Al\u00e9m do risco de temporais desta semana, a partir da sexta-feira (10), uma massa de ar polar avan\u00e7a pela Regi\u00e3o Sul provocando decl\u00ednio acentuado da temperatura, com m\u00ednimas entre 0\u00b0C e 3\u00b0C e geadas na fronteira do Rio Grande do Sul com o Uruguai.<\/p>\n<p>Fonte Somar Maxpress<\/p>\n","protected":false},"excerpt":{"rendered":"<p>As chuvas desta segunda-feira no Sul do Pa\u00eds ainda ser\u00e3o isoladas e com baixo acumulado no Rio Grande do Sul, norte de Santa Catarina e leste do Paran\u00e1. Apenas no extremo sul, norte e noroeste ga\u00facho h\u00e1 previs\u00e3o de chuvas mais intensas. O frio tamb\u00e9m diminui e hoje a m\u00e1xima fica entre 20\u00b0C e 23\u00b0C [&hellip;]<\/p>\n","protected":false},"author":3,"featured_media":0,"comment_status":"open","ping_status":"open","sticky":false,"template":"","format":"standard","meta":{"tdm_status":"","tdm_grid_status":"","footnotes":""},"categories":[22],"tags":[],"class_list":{"0":"post-4695","1":"post","2":"type-post","3":"status-publish","4":"format-standard","6":"category-brasil"},"_links":{"self":[{"href":"https:\/\/migracao.redenoticia.com.br\/noticia\/wp-json\/wp\/v2\/posts\/4695","targetHints":{"allow":["GET"]}}],"collection":[{"href":"https:\/\/migracao.redenoticia.com.br\/noticia\/wp-json\/wp\/v2\/posts"}],"about":[{"href":"https:\/\/migracao.redenoticia.com.br\/noticia\/wp-json\/wp\/v2\/types\/post"}],"author":[{"embeddable":true,"href":"https:\/\/migracao.redenoticia.com.br\/noticia\/wp-json\/wp\/v2\/users\/3"}],"replies":[{"embeddable":true,"href":"https:\/\/migracao.redenoticia.com.br\/noticia\/wp-json\/wp\/v2\/comments?post=4695"}],"version-history":[{"count":0,"href":"https:\/\/migracao.redenoticia.com.br\/noticia\/wp-json\/wp\/v2\/posts\/4695\/revisions"}],"wp:attachment":[{"href":"https:\/\/migracao.redenoticia.com.br\/noticia\/wp-json\/wp\/v2\/media?parent=4695"}],"wp:term":[{"taxonomy":"category","embeddable":true,"href":"https:\/\/migracao.redenoticia.com.br\/noticia\/wp-json\/wp\/v2\/categories?post=4695"},{"taxonomy":"post_tag","embeddable":true,"href":"https:\/\/migracao.redenoticia.com.br\/noticia\/wp-json\/wp\/v2\/tags?post=4695"}],"curies":[{"name":"wp","href":"https:\/\/api.w.org\/{rel}","templated":true}]}}