{"id":46962,"date":"2013-09-04T20:06:43","date_gmt":"2013-09-04T23:06:43","guid":{"rendered":"http:\/\/www.redenoticia.com.br\/noticia\/?p=46962"},"modified":"2013-09-04T20:06:43","modified_gmt":"2013-09-04T23:06:43","slug":"univesp-e-usp-oferecem-curso-semipresencial-de-licenciatura-em-ciencias","status":"publish","type":"post","link":"https:\/\/migracao.redenoticia.com.br\/noticia\/2013\/univesp-e-usp-oferecem-curso-semipresencial-de-licenciatura-em-ciencias\/46962","title":{"rendered":"Univesp e USP oferecem curso semipresencial de licenciatura em Ci\u00eancias"},"content":{"rendered":"<p>Ag\u00eancia FAPESP\u00a0\u2013 A Universidade Virtual do Estado de S\u00e3o Paulo (Univesp) est\u00e1 com inscri\u00e7\u00f5es abertas, at\u00e9 9 de setembro, para o processo seletivo do <em><strong>curso semipresencial<\/strong> <\/em>de licenciatura em Ci\u00eancias.<\/p>\n<p>O curso, que \u00e9 uma parceria entre a Universidade de S\u00e3o Paulo (USP) e a Secretaria de Desenvolvimento Econ\u00f4mico, Ci\u00eancia e Tecnologia do Estado de S\u00e3o Paulo, ser\u00e1 oferecido gratuitamente e ter\u00e1 a dura\u00e7\u00e3o de oito semestres \u2013 52% das atividades ser\u00e3o feitas a dist\u00e2ncia.<\/p>\n<p>Ao todo, s\u00e3o 360 vagas: 40 para cada uma de seis cidades do interior (Ja\u00fa, Lorena, Piracicaba, Ribeir\u00e3o Preto, S\u00e3o Carlos e Santos) e 120 para S\u00e3o Paulo.<\/p>\n<p>A proposta do curso \u00e9 formar professores de Ci\u00eancias capazes de ministrar o conte\u00fado das disciplinas do 6\u00ba ao 9\u00ba ano do ensino fundamental. O programa do curso foi desenvolvido para favorecer uma abordagem interdisciplinar e integrada do conhecimento.<\/p>\n<p>Podem se inscrever todos os interessados que tiverem conclu\u00eddo o ensino m\u00e9dio. Professores de escolas p\u00fablicas sem diploma de licenciatura (ou com forma\u00e7\u00e3o incompleta) e os egressos do ensino m\u00e9dio h\u00e1 pelo menos dez anos que ainda n\u00e3o tenham ingressado no ensino superior receber\u00e3o b\u00f4nus na nota final do processo seletivo.<\/p>\n<p>O vestibular tem duas fases. A primeira inclui a resolu\u00e7\u00e3o de 90 quest\u00f5es de m\u00faltipla escolha de conhecimentos gerais e ter\u00e1 a dura\u00e7\u00e3o de 5 horas. A segunda fase ser\u00e1 realizada em tr\u00eas dias e incluir\u00e1 provas anal\u00edtico-expositivas com dura\u00e7\u00e3o de 4 horas cada.<\/p>\n<p>Os candidatos ser\u00e3o selecionados mediante processo classificat\u00f3rio, sendo aproveitadas, at\u00e9 seu limite, as vagas fixadas para o curso.<\/p>\n<p>O calend\u00e1rio completo e o conte\u00fado program\u00e1tico das provas podem ser acessados em<a href=\"http:\/\/www.univesp.ensinosuperior.sp.gov.br\/5359\" target=\"_blank\">www.univesp.ensinosuperior.sp.gov.br\/5359<\/a><\/p>\n","protected":false},"excerpt":{"rendered":"<p>Ag\u00eancia FAPESP\u00a0\u2013 A Universidade Virtual do Estado de S\u00e3o Paulo (Univesp) est\u00e1 com inscri\u00e7\u00f5es abertas, at\u00e9 9 de setembro, para o processo seletivo do curso semipresencial de licenciatura em Ci\u00eancias. O curso, que \u00e9 uma parceria entre a Universidade de S\u00e3o Paulo (USP) e a Secretaria de Desenvolvimento Econ\u00f4mico, Ci\u00eancia e Tecnologia do Estado de [&hellip;]<\/p>\n","protected":false},"author":2,"featured_media":35036,"comment_status":"open","ping_status":"closed","sticky":false,"template":"","format":"standard","meta":{"tdm_status":"","tdm_grid_status":"","footnotes":""},"categories":[22,351,370],"tags":[],"class_list":{"0":"post-46962","1":"post","2":"type-post","3":"status-publish","4":"format-standard","5":"has-post-thumbnail","7":"category-brasil","8":"category-cursos","9":"category-inscricao"},"_links":{"self":[{"href":"https:\/\/migracao.redenoticia.com.br\/noticia\/wp-json\/wp\/v2\/posts\/46962","targetHints":{"allow":["GET"]}}],"collection":[{"href":"https:\/\/migracao.redenoticia.com.br\/noticia\/wp-json\/wp\/v2\/posts"}],"about":[{"href":"https:\/\/migracao.redenoticia.com.br\/noticia\/wp-json\/wp\/v2\/types\/post"}],"author":[{"embeddable":true,"href":"https:\/\/migracao.redenoticia.com.br\/noticia\/wp-json\/wp\/v2\/users\/2"}],"replies":[{"embeddable":true,"href":"https:\/\/migracao.redenoticia.com.br\/noticia\/wp-json\/wp\/v2\/comments?post=46962"}],"version-history":[{"count":0,"href":"https:\/\/migracao.redenoticia.com.br\/noticia\/wp-json\/wp\/v2\/posts\/46962\/revisions"}],"wp:featuredmedia":[{"embeddable":true,"href":"https:\/\/migracao.redenoticia.com.br\/noticia\/wp-json\/wp\/v2\/media\/35036"}],"wp:attachment":[{"href":"https:\/\/migracao.redenoticia.com.br\/noticia\/wp-json\/wp\/v2\/media?parent=46962"}],"wp:term":[{"taxonomy":"category","embeddable":true,"href":"https:\/\/migracao.redenoticia.com.br\/noticia\/wp-json\/wp\/v2\/categories?post=46962"},{"taxonomy":"post_tag","embeddable":true,"href":"https:\/\/migracao.redenoticia.com.br\/noticia\/wp-json\/wp\/v2\/tags?post=46962"}],"curies":[{"name":"wp","href":"https:\/\/api.w.org\/{rel}","templated":true}]}}