{"id":46964,"date":"2013-09-04T20:09:46","date_gmt":"2013-09-04T23:09:46","guid":{"rendered":"http:\/\/www.redenoticia.com.br\/noticia\/?p=46964"},"modified":"2013-09-04T20:09:46","modified_gmt":"2013-09-04T23:09:46","slug":"livros-sobre-saude-tem-boa-procura-na-bienal-do-rio","status":"publish","type":"post","link":"https:\/\/migracao.redenoticia.com.br\/noticia\/2013\/livros-sobre-saude-tem-boa-procura-na-bienal-do-rio\/46964","title":{"rendered":"Livros sobre sa\u00fade t\u00eam boa procura na Bienal do Rio"},"content":{"rendered":"<p><span style=\"font-size: 13px; line-height: 19px;\">Rio de Janeiro \u2013 A procura pelos <em><strong>livros com temas sobre sa\u00fade<\/strong><\/em> surpreendeu os organizadores do estande da editora do Minist\u00e9rio da Sa\u00fade, na 16\u00aa Bienal Internacional do Livro, no Riocentro. Esta \u00e9 segunda vez que a editora monta estande em uma bienal \u2013 a primeira foi no ano passado em S\u00e3o Paulo.<\/span><\/p>\n<p>Segundo a coordenadora de Gest\u00e3o Editorial, Andrea Torriceli, foi necess\u00e1rio mandar mais exemplares para a feira. &#8220;Estamos imprimindo mais exemplares, porque a procura foi muito grande e nos surpreendeu: em S\u00e3o Paulo, foi menor. A popula\u00e7\u00e3o gosta muito e d\u00e1 um retorno bom.&#8221; \u00c9 bom saber que as pessoas precisam mesmo de publica\u00e7\u00f5es sobre sa\u00fade, disse Andrea.<\/p>\n<p>Como a editora tem um elevado n\u00famero de publica\u00e7\u00f5es, os organizadores do estande do Minist\u00e9rio da Sa\u00fade precisaram de uma sele\u00e7\u00e3o para definir os livros que seriam levados para a Bienal do Livro. &#8220;A escolha foi a partir dos temas, e os que n\u00e3o foram selecionados este ano estar\u00e3o aqui no pr\u00f3ximo&#8221;, explicou.<\/p>\n<p>De acordo com Andrea, a editora trabalha somente com publica\u00e7\u00f5es do Minist\u00e9rio da Sa\u00fade, que s\u00e3o preparadas pelas \u00e1reas t\u00e9cnicas e entregues para a impress\u00e3o. &#8220;A editora faz a normaliza\u00e7\u00e3o, a revis\u00e3o, a diagrama\u00e7\u00e3o e imprime. Fazemos o projeto editorial, mas a autoria \u00e9 da \u00e1rea t\u00e9cnica.&#8221;<\/p>\n<p>O objetivo da editora \u00e9 atender \u00e0s institui\u00e7\u00f5es interessadas em desenvolver projetos na \u00e1rea de sa\u00fade, como escolas e organiza\u00e7\u00f5es n\u00e3o governamentais (ONGs). Fora das feiras, os livros podem ser vistos por meio da\u00a0<a href=\"http:\/\/www.saude.gov.br\/bvs\" target=\"_blank\">biblioteca virtual<\/a>\u00a0da\u00a0editora, que permite o download.<br \/>\nPara receber as publica\u00e7\u00f5es, \u00e9 preciso mandar um e-mail para a editora detalhando o projeto. Segundo Andrea, a ideia \u00e9 incluir esses projetos nas listas de endere\u00e7os das \u00e1reas t\u00e9cnicas autoras das publica\u00e7\u00f5es.<\/p>\n<p>O n\u00famero de exemplares impressos varia conforme a necessidade de alcance da publica\u00e7\u00e3o. Andrea Torricelli deu como exemplo a caderneta de sa\u00fade da crian\u00e7a, da qual s\u00e3o impressos 6 milh\u00f5es de exemplares. J\u00e1 os livros t\u00e9cnicos, que v\u00e3o apenas para os conselhos de Sa\u00fade, saem com 10 mil exemplares. Para ela, o retorno do p\u00fablico nas feiras serve para avaliar o alcance da distribui\u00e7\u00e3o das publica\u00e7\u00f5es. Ela explicou que o resultado do ano passado mostrou que os livros n\u00e3o estavam chegando aos projetos que precisavam ser atingidos.<\/p>\n<p>Al\u00e9m de adquirir as publica\u00e7\u00f5es do Minist\u00e9rio da Sa\u00fade, o visitante desse estande pode sair de l\u00e1 com o cart\u00e3o nacional de sa\u00fade. O analista de sistema do n\u00facleo t\u00e9cnico do cart\u00e3o Antonio Augusto Cortez informou que, para fazer o documento, \u00e9 preciso apenas apresentar a carteira de identidade, o CPF ou a carteira de habilita\u00e7\u00e3o. Depois de uma consulta ao sistema, se for comprovado que a pessoa j\u00e1 tem cadastro, o cart\u00e3o \u00e9 emitido na hora. Caso contr\u00e1rio, o cadastramento \u00e9 feito imediatamente.<\/p>\n<p>Implantado em 2000, o cadastro tem atualmente 160 milh\u00f5es de registros v\u00e1lidos. Para Cortez, o cart\u00e3o \u00e9 uma esp\u00e9cie de CPF da Sa\u00fade. &#8220;A pessoa vai ter esse n\u00famero para sempre. O cart\u00e3o serve para uma s\u00e9rie de atendimentos no Sistema \u00danico de Sa\u00fade [SUS].&#8221;<\/p>\n<p>Ele explicou que o uso do cart\u00e3o permite o monitoramento de dados importantes sobre o atendimento aos pacientes tanto na rede p\u00fablica quanto na particular. &#8220;[O cart\u00e3o] identifica a pessoa, o atendimento, quem atendeu, por que foi atendida e onde foi feito o atendimento. S\u00e3o os cinco eixos dentro do sistema. Com isso, o gestor pode ter mais acesso a informa\u00e7\u00f5es como endemias ou a dados que podem ser trabalhados para atendimentos futuros.&#8221;<\/p>\n<p>Ainda no estande, o visitante pode ver tamb\u00e9m uma mostra do Centro Cultural do Minist\u00e9rio da Sa\u00fade, que funciona no Rio de Janeiro.<\/p>\n<p>Cristina Indio do Brasil<br \/>\nRep\u00f3rter da Ag\u00eancia Brasil<\/p>\n<p>Edi\u00e7\u00e3o: N\u00e1dia Franco<\/p>\n","protected":false},"excerpt":{"rendered":"<p>Rio de Janeiro \u2013 A procura pelos livros com temas sobre sa\u00fade surpreendeu os organizadores do estande da editora do Minist\u00e9rio da Sa\u00fade, na 16\u00aa Bienal Internacional do Livro, no Riocentro. Esta \u00e9 segunda vez que a editora monta estande em uma bienal \u2013 a primeira foi no ano passado em S\u00e3o Paulo. Segundo a [&hellip;]<\/p>\n","protected":false},"author":2,"featured_media":34821,"comment_status":"open","ping_status":"closed","sticky":false,"template":"","format":"standard","meta":{"tdm_status":"","tdm_grid_status":"","footnotes":""},"categories":[22],"tags":[],"class_list":{"0":"post-46964","1":"post","2":"type-post","3":"status-publish","4":"format-standard","5":"has-post-thumbnail","7":"category-brasil"},"_links":{"self":[{"href":"https:\/\/migracao.redenoticia.com.br\/noticia\/wp-json\/wp\/v2\/posts\/46964","targetHints":{"allow":["GET"]}}],"collection":[{"href":"https:\/\/migracao.redenoticia.com.br\/noticia\/wp-json\/wp\/v2\/posts"}],"about":[{"href":"https:\/\/migracao.redenoticia.com.br\/noticia\/wp-json\/wp\/v2\/types\/post"}],"author":[{"embeddable":true,"href":"https:\/\/migracao.redenoticia.com.br\/noticia\/wp-json\/wp\/v2\/users\/2"}],"replies":[{"embeddable":true,"href":"https:\/\/migracao.redenoticia.com.br\/noticia\/wp-json\/wp\/v2\/comments?post=46964"}],"version-history":[{"count":0,"href":"https:\/\/migracao.redenoticia.com.br\/noticia\/wp-json\/wp\/v2\/posts\/46964\/revisions"}],"wp:featuredmedia":[{"embeddable":true,"href":"https:\/\/migracao.redenoticia.com.br\/noticia\/wp-json\/wp\/v2\/media\/34821"}],"wp:attachment":[{"href":"https:\/\/migracao.redenoticia.com.br\/noticia\/wp-json\/wp\/v2\/media?parent=46964"}],"wp:term":[{"taxonomy":"category","embeddable":true,"href":"https:\/\/migracao.redenoticia.com.br\/noticia\/wp-json\/wp\/v2\/categories?post=46964"},{"taxonomy":"post_tag","embeddable":true,"href":"https:\/\/migracao.redenoticia.com.br\/noticia\/wp-json\/wp\/v2\/tags?post=46964"}],"curies":[{"name":"wp","href":"https:\/\/api.w.org\/{rel}","templated":true}]}}