{"id":46966,"date":"2013-09-04T20:11:43","date_gmt":"2013-09-04T23:11:43","guid":{"rendered":"http:\/\/www.redenoticia.com.br\/noticia\/?p=46966"},"modified":"2013-09-04T20:11:43","modified_gmt":"2013-09-04T23:11:43","slug":"escola-de-verao-ipsa-usp-tem-inscricoes-abertas","status":"publish","type":"post","link":"https:\/\/migracao.redenoticia.com.br\/noticia\/2013\/escola-de-verao-ipsa-usp-tem-inscricoes-abertas\/46966","title":{"rendered":"Escola de Ver\u00e3o IPSA-USP tem inscri\u00e7\u00f5es abertas"},"content":{"rendered":"<p>Ag\u00eancia FAPESP\u00a0\u2013 Est\u00e3o abertas, at\u00e9 20 de setembro, as inscri\u00e7\u00f5es para a quinta edi\u00e7\u00e3o da <em><strong>Escola de Ver\u00e3o IPSA-USP<\/strong><\/em> em Conceitos e M\u00e9todos em Ci\u00eancia Pol\u00edtica e Rela\u00e7\u00f5es Internacionais, que ser\u00e1 realizada entre os dias 27 de janeiro e 14 de fevereiro de 2014, em S\u00e3o Paulo.<\/p>\n<p>Entre os objetivos da escola, est\u00e1 o de treinar atuais e futuros acad\u00eamicos nos m\u00e9todos de ponta nas ci\u00eancias sociais, incluindo a an\u00e1lise de dados qualitativos e quantitativos, bem como em desenhos de projetos de pesquisa e m\u00e9todos de investiga\u00e7\u00e3o.<\/p>\n<p>Al\u00e9m disso, visa criar redes de pesquisa abrangentes e consolidar o esfor\u00e7o para estabelecer uma escola de ver\u00e3o na Am\u00e9rica Latina que sirva como centro global para a propaga\u00e7\u00e3o de m\u00e9todos e t\u00e9cnicas avan\u00e7adas de pesquisa em ci\u00eancia pol\u00edtica.<\/p>\n<p>O programa deste ano inclui quatro novos cursos: Introdu\u00e7\u00e3o \u00e0 An\u00e1lise de Redes, An\u00e1lise de Multin\u00edveis, M\u00e9todos e Teoria Pol\u00edtica e Prevendo Elei\u00e7\u00f5es. Ao todo, ser\u00e3o oferecidos 13 cursos em m\u00e9todos formais, de teoria, quantitativos e qualitativos, incluindo dois cursos de atualiza\u00e7\u00e3o de uma semana de dura\u00e7\u00e3o, dois cursos regulares de uma semana e nove cursos regulares de duas semanas de dura\u00e7\u00e3o.<\/p>\n<p>Todos os cursos ser\u00e3o ministrados em ingl\u00eas, sem tradu\u00e7\u00e3o simult\u00e2nea.<\/p>\n<p>A programa\u00e7\u00e3o detalhada e informa\u00e7\u00f5es sobre as inscri\u00e7\u00f5es podem ser conferidas no site<a href=\"http:\/\/summerschool.fflch.usp.br\/\" target=\"_blank\">http:\/\/summerschool.fflch.usp.br<\/a><\/p>\n","protected":false},"excerpt":{"rendered":"<p>Ag\u00eancia FAPESP\u00a0\u2013 Est\u00e3o abertas, at\u00e9 20 de setembro, as inscri\u00e7\u00f5es para a quinta edi\u00e7\u00e3o da Escola de Ver\u00e3o IPSA-USP em Conceitos e M\u00e9todos em Ci\u00eancia Pol\u00edtica e Rela\u00e7\u00f5es Internacionais, que ser\u00e1 realizada entre os dias 27 de janeiro e 14 de fevereiro de 2014, em S\u00e3o Paulo. Entre os objetivos da escola, est\u00e1 o de [&hellip;]<\/p>\n","protected":false},"author":2,"featured_media":28951,"comment_status":"open","ping_status":"closed","sticky":false,"template":"","format":"standard","meta":{"tdm_status":"","tdm_grid_status":"","footnotes":""},"categories":[22,351,370],"tags":[],"class_list":{"0":"post-46966","1":"post","2":"type-post","3":"status-publish","4":"format-standard","5":"has-post-thumbnail","7":"category-brasil","8":"category-cursos","9":"category-inscricao"},"_links":{"self":[{"href":"https:\/\/migracao.redenoticia.com.br\/noticia\/wp-json\/wp\/v2\/posts\/46966","targetHints":{"allow":["GET"]}}],"collection":[{"href":"https:\/\/migracao.redenoticia.com.br\/noticia\/wp-json\/wp\/v2\/posts"}],"about":[{"href":"https:\/\/migracao.redenoticia.com.br\/noticia\/wp-json\/wp\/v2\/types\/post"}],"author":[{"embeddable":true,"href":"https:\/\/migracao.redenoticia.com.br\/noticia\/wp-json\/wp\/v2\/users\/2"}],"replies":[{"embeddable":true,"href":"https:\/\/migracao.redenoticia.com.br\/noticia\/wp-json\/wp\/v2\/comments?post=46966"}],"version-history":[{"count":0,"href":"https:\/\/migracao.redenoticia.com.br\/noticia\/wp-json\/wp\/v2\/posts\/46966\/revisions"}],"wp:featuredmedia":[{"embeddable":true,"href":"https:\/\/migracao.redenoticia.com.br\/noticia\/wp-json\/wp\/v2\/media\/28951"}],"wp:attachment":[{"href":"https:\/\/migracao.redenoticia.com.br\/noticia\/wp-json\/wp\/v2\/media?parent=46966"}],"wp:term":[{"taxonomy":"category","embeddable":true,"href":"https:\/\/migracao.redenoticia.com.br\/noticia\/wp-json\/wp\/v2\/categories?post=46966"},{"taxonomy":"post_tag","embeddable":true,"href":"https:\/\/migracao.redenoticia.com.br\/noticia\/wp-json\/wp\/v2\/tags?post=46966"}],"curies":[{"name":"wp","href":"https:\/\/api.w.org\/{rel}","templated":true}]}}