{"id":46968,"date":"2013-09-04T20:14:17","date_gmt":"2013-09-04T23:14:17","guid":{"rendered":"http:\/\/www.redenoticia.com.br\/noticia\/?p=46968"},"modified":"2013-09-04T20:14:17","modified_gmt":"2013-09-04T23:14:17","slug":"viaja-mais-melhor-idade-oferece-vantagens-e-descontos","status":"publish","type":"post","link":"https:\/\/migracao.redenoticia.com.br\/noticia\/2013\/viaja-mais-melhor-idade-oferece-vantagens-e-descontos\/46968","title":{"rendered":"Viaja Mais Melhor Idade oferece vantagens e descontos"},"content":{"rendered":"<p>S\u00e3o Paulo <strong><em>Viaja Mais Melhor Idade<\/em><\/strong> \u2013 A partir de agora, os idosos ter\u00e3o oportunidade de viajar com descontos e vantagens exclusivas. Com descontos que chegam a at\u00e9 70%, as ofertas especiais de lan\u00e7amento v\u00e3o de hoje (4) at\u00e9 o dia 14 deste m\u00eas e incluem 270 pacotes oferecidos por 22 operadoras de turismo cadastrados at\u00e9 o momento.<\/p>\n<p>O pagamento dos pacotes poder\u00e1 ser parcelado pelo Banco do Brasil e pela Caixa Econ\u00f4mica Federal em at\u00e9 48 vezes, com juros menores do que os praticados no mercado. A nova etapa do Programa Viaja Mais Melhor Idade foi lan\u00e7ada nesta tarde, na Feira das Am\u00e9ricas, pelo ministro do Turismo, Gast\u00e3o Vieira.<\/p>\n<p>O objetivo \u00e9 estimular os idosos a viajar com mais frequ\u00eancia e movimentar o mercado interno de viagens. Para participar do Viaja Mais Melhor Idade, as operadoras precisam estar inscritas no Cadastrur, um banco de dados do Minist\u00e9rio do Turismo, e oferecer benef\u00edcios e pacotes espec\u00edficos para maiores de 60 anos.<\/p>\n<p>A ades\u00e3o tamb\u00e9m poder\u00e1 ser feita durante a feira nos estandes do Minist\u00e9rio do Turismo ou da Associa\u00e7\u00e3o Brasileira das Operadoras de Turismo (Baztoa) e no site do programa, que cont\u00e9m ainda uma cartilha com orienta\u00e7\u00f5es ao p\u00fablico e \u00e0s operadoras. Segundo o Instituto Brasileiro de Geografia e Estat\u00edstica (IBGE), h\u00e1 no Brasil 23,5 milh\u00f5es de idosos, o que corresponde a 12,1% da popula\u00e7\u00e3o.<\/p>\n<p>Por enquanto, os pacotes s\u00f3 poder\u00e3o ser adquiridos nas operadoras de turismo. Mais adiante, estar\u00e3o inclu\u00eddos ag\u00eancias de viagem, receptivos locais, parques tem\u00e1ticos, companhias a\u00e9reas, meios de hospedagem e locadoras de ve\u00edculos.<\/p>\n<p>O programa existe desde setembro de 2007 e, at\u00e9 dezembro de 2010, tinha vendido 599 mil pacotes, principalmente para os munic\u00edpios de Natal e Fortaleza, Lins, em S\u00e3o Paulo, e Caldas Novas,em Goi\u00e1s, al\u00e9m das cidades da Serra Ga\u00facha, no Rio Grande Sul.<\/p>\n<p>Fl\u00e1via Albuquerque<br \/>\nRep\u00f3rter da Ag\u00eancia Brasil<br \/>\nEdi\u00e7\u00e3o: N\u00e1dia Franco<\/p>\n","protected":false},"excerpt":{"rendered":"<p>S\u00e3o Paulo Viaja Mais Melhor Idade \u2013 A partir de agora, os idosos ter\u00e3o oportunidade de viajar com descontos e vantagens exclusivas. Com descontos que chegam a at\u00e9 70%, as ofertas especiais de lan\u00e7amento v\u00e3o de hoje (4) at\u00e9 o dia 14 deste m\u00eas e incluem 270 pacotes oferecidos por 22 operadoras de turismo cadastrados [&hellip;]<\/p>\n","protected":false},"author":2,"featured_media":39993,"comment_status":"open","ping_status":"closed","sticky":false,"template":"","format":"standard","meta":{"tdm_status":"","tdm_grid_status":"","footnotes":""},"categories":[22],"tags":[],"class_list":{"0":"post-46968","1":"post","2":"type-post","3":"status-publish","4":"format-standard","5":"has-post-thumbnail","7":"category-brasil"},"_links":{"self":[{"href":"https:\/\/migracao.redenoticia.com.br\/noticia\/wp-json\/wp\/v2\/posts\/46968","targetHints":{"allow":["GET"]}}],"collection":[{"href":"https:\/\/migracao.redenoticia.com.br\/noticia\/wp-json\/wp\/v2\/posts"}],"about":[{"href":"https:\/\/migracao.redenoticia.com.br\/noticia\/wp-json\/wp\/v2\/types\/post"}],"author":[{"embeddable":true,"href":"https:\/\/migracao.redenoticia.com.br\/noticia\/wp-json\/wp\/v2\/users\/2"}],"replies":[{"embeddable":true,"href":"https:\/\/migracao.redenoticia.com.br\/noticia\/wp-json\/wp\/v2\/comments?post=46968"}],"version-history":[{"count":0,"href":"https:\/\/migracao.redenoticia.com.br\/noticia\/wp-json\/wp\/v2\/posts\/46968\/revisions"}],"wp:featuredmedia":[{"embeddable":true,"href":"https:\/\/migracao.redenoticia.com.br\/noticia\/wp-json\/wp\/v2\/media\/39993"}],"wp:attachment":[{"href":"https:\/\/migracao.redenoticia.com.br\/noticia\/wp-json\/wp\/v2\/media?parent=46968"}],"wp:term":[{"taxonomy":"category","embeddable":true,"href":"https:\/\/migracao.redenoticia.com.br\/noticia\/wp-json\/wp\/v2\/categories?post=46968"},{"taxonomy":"post_tag","embeddable":true,"href":"https:\/\/migracao.redenoticia.com.br\/noticia\/wp-json\/wp\/v2\/tags?post=46968"}],"curies":[{"name":"wp","href":"https:\/\/api.w.org\/{rel}","templated":true}]}}