{"id":46972,"date":"2013-09-04T20:19:13","date_gmt":"2013-09-04T23:19:13","guid":{"rendered":"http:\/\/www.redenoticia.com.br\/noticia\/?p=46972"},"modified":"2013-09-04T20:19:13","modified_gmt":"2013-09-04T23:19:13","slug":"ipea-aponta-perda-de-dinamismo-do-mercado-de-trabalho","status":"publish","type":"post","link":"https:\/\/migracao.redenoticia.com.br\/noticia\/2013\/ipea-aponta-perda-de-dinamismo-do-mercado-de-trabalho\/46972","title":{"rendered":"Ipea aponta perda de dinamismo do mercado de trabalho"},"content":{"rendered":"<p>Rio de Janeiro \u2013 O <em><strong>mercado de trabalho<\/strong> <\/em>perdeu dinamismo no primeiro semestre de 2013, apesar de ter atingido um patamar importante na perspectiva hist\u00f3rica, avaliou hoje (4) Carlos Henrique Corseuil, diretor adjunto de Estudos e Pol\u00edticas Sociais do Instituto de Pesquisa Econ\u00f4mica Aplicada (Ipea). O \u00f3rg\u00e3o, vinculado \u00e0 Secretaria de Assuntos Estrat\u00e9gicos da Presid\u00eancia da Rep\u00fablica, divulgou o Boletim de Mercado de Trabalho n\u00ba 55, que analisa a conjuntura nacional a partir de dados da Pesquisa Mensal do Emprego, do Instituto Brasileiro de Geografia e Estat\u00edstica (IBGE), e de dados do Cadastro Geral de Emprego (Caged) e do Dieese.<\/p>\n<p>&#8220;De forma geral, o mercado de trabalho mostrou uma perda de dinamismo em rela\u00e7\u00e3o \u00e0 evolu\u00e7\u00e3o que vinha mostrando nos anos passados. No primeiro semestre de 2013, tanto a popula\u00e7\u00e3o ocupada quanto os rendimentos m\u00e9dios mostraram uma tend\u00eancia de queda, embora outros indicadores, como a taxa de informalidade, continuem melhorando. A gente atribui essa perda de dinamismo na popula\u00e7\u00e3o ocupada e nos rendimentos a uma poss\u00edvel rea\u00e7\u00e3o tardia no mercado de trabalho aos indicadores macroecon\u00f4micos, que, no final de 2011 e in\u00edcio de 2012 n\u00e3o estavam mostrando uma evolu\u00e7\u00e3o muito positiva&#8221;, disse o diretor, que aponta uma possibilidade de melhora.<\/p>\n<p>&#8220;Em certo sentido, o fato de o PIB [Produto Interno Bruto, soma de todas as riquezas produzidas no pa\u00eds] dar sinais de recupera\u00e7\u00e3o, agora \u00e9 um sinal de esperan\u00e7a para a gente de que o mercado vai ter uma rea\u00e7\u00e3o positiva no segundo semestre&#8221;.<\/p>\n<p>Um dos pontos destacados pelo economista \u00e9 que, em 2013, a taxa de desocupa\u00e7\u00e3o chegou a superar, em junho, a registrada no mesmo per\u00edodo de 2012. &#8220;Isso era algo que n\u00e3o acontecia nos \u00faltimos anos. O desemprego vinha caindo continuamente. Mas o patamar n\u00e3o \u00e9 ruim. Uma taxa de 6% \u00e9 ao menos bem razo\u00e1vel para um pa\u00eds em desenvolvimento&#8221;. A taxa de desocupa\u00e7\u00e3o m\u00e9dia do primeiro semestre foi 5,7%, equivalente a 0,2 ponto percentual menor que a do mesmo per\u00edodo de 2012. De 2011 para o ano passado, a queda tinha sido de 0,5 ponto percentual.<\/p>\n<p>A popula\u00e7\u00e3o ocupada, outro indicador usado na an\u00e1lise, tamb\u00e9m se comportou de forma mais fraca em compara\u00e7\u00e3o aos anos anteriores, com queda entre janeiro e abril, e recupera\u00e7\u00e3o no segundo trimestre. A oscila\u00e7\u00e3o gerou um crescimento m\u00e9dio de 1,2%, ou de 272 mil postos de trabalho, sobre 2012.<\/p>\n<p>J\u00e1 o rendimento, que obteve alta m\u00e9dia de 1,5% sobre o primeiro semestre de 2012, com o valor de R$ 1.875, 20 nos primeiros seis meses de 2013, teve o crescimento concentrado na varia\u00e7\u00e3o de janeiro a fevereiro, seguido por uma leve queda at\u00e9 junho. Sobre os dados de julho, Corseuil avalia que os sinais para o segundo semestre s\u00e3o amb\u00edguos.<\/p>\n<p>&#8220;Quando a gente olha para os dados de julho, s\u00e3o sinais amb\u00edguos. No que diz respeito ao rendimento, o dado mostrou que continua uma tend\u00eancia de queda. Em rela\u00e7\u00e3o \u00e0 popula\u00e7\u00e3o ocupada, mostrou um aumento que pode ser uma revers\u00e3o dessa tend\u00eancia de queda do primeiro semestre&#8221;, avaliou o pesquisador, que ponderou ser preciso analisar as pr\u00f3ximas pesquisas para confirmar os sinais.<\/p>\n<p>A taxa de informalidade apresentou melhor desempenho, com queda de 0,9 ponto percentual em rela\u00e7\u00e3o ao primeiro semestre de 2012, chegando a 33,2% de m\u00e9dia. Corseuil explica que a tend\u00eancia era um aumento da taxa em um cen\u00e1rio de incertezas, mas pol\u00edticas adotadas seguraram esse processo. &#8220;Com a informalidade, voc\u00ea n\u00e3o tem tantas amarras, e o empregador muitas vezes usa nesse ambiente de incerteza para ganhar um grau de flexibilidade maior. Mas, h\u00e1 for\u00e7as estruturais que continuam agindo, como os mecanismos de cr\u00e9dito facilitado a pequenas empresas e a redu\u00e7\u00e3o tribut\u00e1ria. Num cen\u00e1rio que elevaria a informalidade, essas for\u00e7as continuam puxando a informalidade para baixo&#8221;.<\/p>\n<p>Corseuil lembrou que os jovens s\u00e3o os que mais sofrem com o ambiente menos favor\u00e1vel para a economia. &#8220;Quando chega um momento desse em que h\u00e1 perda de dinamismo, isso torna a coloca\u00e7\u00e3o no trabalho ainda mais dif\u00edcil. O jovem tem uma barreira que \u00e9 n\u00e3o ter experiencia pr\u00e9via, uma coisa que \u00e9 importante para o empregador. Nesses momentos, pode acontecer de o jovem ir parar no setor informal, o que pode dificultar a carreira dele num longo prazo&#8221;.<\/p>\n<p>Vin\u00edcius Lisboa<br \/>\nRep\u00f3rter da Ag\u00eancia Brasil<\/p>\n<p>Edi\u00e7\u00e3o: Carolina Pimentel<\/p>\n","protected":false},"excerpt":{"rendered":"<p>Rio de Janeiro \u2013 O mercado de trabalho perdeu dinamismo no primeiro semestre de 2013, apesar de ter atingido um patamar importante na perspectiva hist\u00f3rica, avaliou hoje (4) Carlos Henrique Corseuil, diretor adjunto de Estudos e Pol\u00edticas Sociais do Instituto de Pesquisa Econ\u00f4mica Aplicada (Ipea). O \u00f3rg\u00e3o, vinculado \u00e0 Secretaria de Assuntos Estrat\u00e9gicos da Presid\u00eancia [&hellip;]<\/p>\n","protected":false},"author":2,"featured_media":38938,"comment_status":"open","ping_status":"closed","sticky":false,"template":"","format":"standard","meta":{"tdm_status":"","tdm_grid_status":"","footnotes":""},"categories":[22,7],"tags":[],"class_list":{"0":"post-46972","1":"post","2":"type-post","3":"status-publish","4":"format-standard","5":"has-post-thumbnail","7":"category-brasil","8":"category-economia"},"_links":{"self":[{"href":"https:\/\/migracao.redenoticia.com.br\/noticia\/wp-json\/wp\/v2\/posts\/46972","targetHints":{"allow":["GET"]}}],"collection":[{"href":"https:\/\/migracao.redenoticia.com.br\/noticia\/wp-json\/wp\/v2\/posts"}],"about":[{"href":"https:\/\/migracao.redenoticia.com.br\/noticia\/wp-json\/wp\/v2\/types\/post"}],"author":[{"embeddable":true,"href":"https:\/\/migracao.redenoticia.com.br\/noticia\/wp-json\/wp\/v2\/users\/2"}],"replies":[{"embeddable":true,"href":"https:\/\/migracao.redenoticia.com.br\/noticia\/wp-json\/wp\/v2\/comments?post=46972"}],"version-history":[{"count":0,"href":"https:\/\/migracao.redenoticia.com.br\/noticia\/wp-json\/wp\/v2\/posts\/46972\/revisions"}],"wp:featuredmedia":[{"embeddable":true,"href":"https:\/\/migracao.redenoticia.com.br\/noticia\/wp-json\/wp\/v2\/media\/38938"}],"wp:attachment":[{"href":"https:\/\/migracao.redenoticia.com.br\/noticia\/wp-json\/wp\/v2\/media?parent=46972"}],"wp:term":[{"taxonomy":"category","embeddable":true,"href":"https:\/\/migracao.redenoticia.com.br\/noticia\/wp-json\/wp\/v2\/categories?post=46972"},{"taxonomy":"post_tag","embeddable":true,"href":"https:\/\/migracao.redenoticia.com.br\/noticia\/wp-json\/wp\/v2\/tags?post=46972"}],"curies":[{"name":"wp","href":"https:\/\/api.w.org\/{rel}","templated":true}]}}