{"id":46975,"date":"2013-09-04T20:24:00","date_gmt":"2013-09-04T23:24:00","guid":{"rendered":"http:\/\/www.redenoticia.com.br\/noticia\/?p=46975"},"modified":"2013-09-04T20:24:00","modified_gmt":"2013-09-04T23:24:00","slug":"universidade-alema-destaca-parceria-com-unesp","status":"publish","type":"post","link":"https:\/\/migracao.redenoticia.com.br\/noticia\/2013\/universidade-alema-destaca-parceria-com-unesp\/46975","title":{"rendered":"Universidade alem\u00e3 destaca parceria com Unesp"},"content":{"rendered":"<p>A coopera\u00e7\u00e3o de 15 anos entre a Unesp e a Universidade de Ci\u00eancias Aplicadas de Ragensburg mereceu destaque na revista oficial da institui\u00e7\u00e3o alem\u00e3. O texto cita trabalhos conjuntos desenvolvidos nas faculdades de medicina, bem como elogia a motiva\u00e7\u00e3o dos estudantes brasileiros.<\/p>\n<p>O texto, de autoria dos professores Christian Hook e Sandra Hamella, ambos da institui\u00e7\u00e3o alem\u00e3, enfatiza a pesquisa voltada para o desenvolvimento de um sensor em forma de caneta que analisa a movimenta\u00e7\u00e3o manual volunt\u00e1ria de pacientes com a doen\u00e7a de Parkinson e a resposta aos tratamentos aplicados aos mesmos. A pesquisa foi desenvolvida no Hospital das Cl\u00ednicas da Faculdade de Medicina (FM), em Botucatu.<\/p>\n<p>A professora Silke Weber, do Departamento de Oftalmologia, Otorrinolaringologia e Cirurgia de Cabe\u00e7a e Pesco\u00e7o da Faculdade de Medicina foi a respons\u00e1vel pelo planejamento da pesquisa.<\/p>\n<p>&#8220;Ap\u00f3s tr\u00eas anos de muito trabalho, estamos colhendo bons frutos e dando passos importantes em nosso processo de internacionaliza\u00e7\u00e3o. Al\u00e9m disso, conseguimos integrar profissionais de diferentes \u00e1reas (medicina, computa\u00e7\u00e3o e engenharia) na pr\u00f3pria Unesp e at\u00e9 de outras institui\u00e7\u00f5es, inclusive do exterior, nos segmentos de gradua\u00e7\u00e3o, pesquisa e p\u00f3s-gradua\u00e7\u00e3o&#8221;, afirma professora Silke.<\/p>\n<p>A parceria entre os dois hospitais universit\u00e1rios tamb\u00e9m recebeu coment\u00e1rios pelo trabalho envolvendo a an\u00e1lise de tomografias computadorizadas de alta resolu\u00e7\u00e3o em pacientes com fibrose pulmonar, em um projeto que desde 2012 envolve pesquisadores da medicina, inform\u00e1tica e matem\u00e1tica de ambas as institui\u00e7\u00f5es.<\/p>\n<p>Os estudantes brasileiros tamb\u00e9m foram elogiados pela sua &#8220;boa forma\u00e7\u00e3o e enorme motiva\u00e7\u00e3o&#8221; ao estagiar nas empresas alem\u00e3s. Segundo o texto, o engajamento dos estudantes com as empresas ainda \u00e9 algo pouco trabalhado nas universidades brasileiras.<\/p>\n<p>A Universidade de Ci\u00eancias Aplicadas de Ragensburgo foi fundada em 1971 e \u00e9, atualmente, uma das principais institui\u00e7\u00f5es alem\u00e3s em ci\u00eancias aplicadas. Localizada na regi\u00e3o da Bav\u00e1ria, a institui\u00e7\u00e3o tem aproximadamente oito mil alunos. O primeiro acordo com a Unesp foi assinado em 1998.<\/p>\n<p>A \u00edntegra da revista, em alem\u00e3o, pode ser lida no link:\u00a0<a href=\"https:\/\/www.hs-regensburg.de\/fileadmin\/media\/presse\/pdf\/2013\/Spektrum-2013-1-1107.pdf\" target=\"_blank\">https:\/\/www.hs-regensburg.de\/fileadmin\/media\/presse\/pdf\/2013\/Spektrum-2013-1-1107.pdf<\/a><\/p>\n<p>Assessoria de Comunica\u00e7\u00e3o e Imprensa<\/p>\n","protected":false},"excerpt":{"rendered":"<p>A coopera\u00e7\u00e3o de 15 anos entre a Unesp e a Universidade de Ci\u00eancias Aplicadas de Ragensburg mereceu destaque na revista oficial da institui\u00e7\u00e3o alem\u00e3. O texto cita trabalhos conjuntos desenvolvidos nas faculdades de medicina, bem como elogia a motiva\u00e7\u00e3o dos estudantes brasileiros. O texto, de autoria dos professores Christian Hook e Sandra Hamella, ambos da [&hellip;]<\/p>\n","protected":false},"author":2,"featured_media":36246,"comment_status":"open","ping_status":"closed","sticky":false,"template":"","format":"standard","meta":{"tdm_status":"","tdm_grid_status":"","footnotes":""},"categories":[22],"tags":[],"class_list":{"0":"post-46975","1":"post","2":"type-post","3":"status-publish","4":"format-standard","5":"has-post-thumbnail","7":"category-brasil"},"_links":{"self":[{"href":"https:\/\/migracao.redenoticia.com.br\/noticia\/wp-json\/wp\/v2\/posts\/46975","targetHints":{"allow":["GET"]}}],"collection":[{"href":"https:\/\/migracao.redenoticia.com.br\/noticia\/wp-json\/wp\/v2\/posts"}],"about":[{"href":"https:\/\/migracao.redenoticia.com.br\/noticia\/wp-json\/wp\/v2\/types\/post"}],"author":[{"embeddable":true,"href":"https:\/\/migracao.redenoticia.com.br\/noticia\/wp-json\/wp\/v2\/users\/2"}],"replies":[{"embeddable":true,"href":"https:\/\/migracao.redenoticia.com.br\/noticia\/wp-json\/wp\/v2\/comments?post=46975"}],"version-history":[{"count":0,"href":"https:\/\/migracao.redenoticia.com.br\/noticia\/wp-json\/wp\/v2\/posts\/46975\/revisions"}],"wp:featuredmedia":[{"embeddable":true,"href":"https:\/\/migracao.redenoticia.com.br\/noticia\/wp-json\/wp\/v2\/media\/36246"}],"wp:attachment":[{"href":"https:\/\/migracao.redenoticia.com.br\/noticia\/wp-json\/wp\/v2\/media?parent=46975"}],"wp:term":[{"taxonomy":"category","embeddable":true,"href":"https:\/\/migracao.redenoticia.com.br\/noticia\/wp-json\/wp\/v2\/categories?post=46975"},{"taxonomy":"post_tag","embeddable":true,"href":"https:\/\/migracao.redenoticia.com.br\/noticia\/wp-json\/wp\/v2\/tags?post=46975"}],"curies":[{"name":"wp","href":"https:\/\/api.w.org\/{rel}","templated":true}]}}