{"id":47007,"date":"2013-09-05T20:16:33","date_gmt":"2013-09-05T23:16:33","guid":{"rendered":"http:\/\/www.redenoticia.com.br\/noticia\/?p=47007"},"modified":"2013-09-05T20:16:33","modified_gmt":"2013-09-05T23:16:33","slug":"pesquisa-discute-o-papel-do-professor-de-ciencias","status":"publish","type":"post","link":"https:\/\/migracao.redenoticia.com.br\/noticia\/2013\/pesquisa-discute-o-papel-do-professor-de-ciencias\/47007","title":{"rendered":"Pesquisa discute o papel do professor de ci\u00eancias"},"content":{"rendered":"<p>O artigo \u2018A import\u00e2ncia da reflex\u00e3o compartilhada no processo de evolu\u00e7\u00e3o conceitual de <em><strong>professores de ci\u00eancias<\/strong><\/em> sobre seu papel na media\u00e7\u00e3o do conhecimento no contexto escolar\u2019, de Lenice Helo\u00edsa de Arruda Silva, da Faculdade de Ci\u00eancias Biol\u00f3gicas e Ambientais); e Fernando Cesar Ferreira, da Faculdade de Ci\u00eancias Exatas e Tecnologia, ambos da Universidade Federal da Grande Dourados (UFGD), foi publicado na Revista Ci\u00eancia e Educa\u00e7\u00e3o da Faculdade de Ci\u00eancias da Unesp, C\u00e2mpus de Bauru.<\/p>\n<p>O trabalho enfoca um processo de reflex\u00e3o compartilhada entre pesquisadores e professores de ci\u00eancias. Investiga como, em tal processo, ocorre uma evolu\u00e7\u00e3o conceitual sobre o papel do professor de ci\u00eancias na media\u00e7\u00e3o do conhecimento cient\u00edfico no contexto escolar. Para tal, foram observadas, registradas e transcritas as discuss\u00f5es entre os sujeitos, anotadas em caderno de campo e gravadas em \u00e1udio.<\/p>\n<p>Os dados s\u00e3o constru\u00eddos e interpretados segundo procedimentos te\u00f3rico-metodol\u00f3gicos pautados em uma perspectiva hist\u00f3rico-cultural do desenvolvimento humano, adotando-se a an\u00e1lise microgen\u00e9tica para investigar o processo de reflex\u00e3o compartilhada. Os resultados revelam aspectos que caracterizam certa evolu\u00e7\u00e3o conceitual dos professores participantes, especialmente, no que se refere ao seu papel para despertar o interesse do aluno para a aprendizagem dos conte\u00fados e para constru\u00e7\u00e3o de significado dos conte\u00fados nos alunos.<\/p>\n<p>Artigo completo<br \/>\nhttp:\/\/www.scielo.br\/pdf\/ciedu\/v19n2\/a13v19n2.pdf<\/p>\n<p>Sobre a publica\u00e7\u00e3o<br \/>\nCi\u00eancia &amp; Educa\u00e7\u00e3o \u00e9 uma publica\u00e7\u00e3o do Programa de P\u00f3s-Gradua\u00e7\u00e3o em Educa\u00e7\u00e3o para a Ci\u00eancia da Faculdade de Ci\u00eancias da Unesp, Campus de Bauru. Idealizada inicialmente em 1995 com a finalidade de divulgar os artigos elaborados a partir dos semin\u00e1rios proferidos dentro da programa\u00e7\u00e3o dos Ciclos de Semin\u00e1rios em Ensino de Ci\u00eancias, Matem\u00e1tica e Educa\u00e7\u00e3o Ambiental, transformou-se posteriormente em \u00f3rg\u00e3o de divulga\u00e7\u00e3o dos trabalhos produzidos pelo curso de Especializa\u00e7\u00e3o em Ensino de Ci\u00eancias e Matem\u00e1tica e pelo curso de Mestrado em Educa\u00e7\u00e3o para a Ci\u00eancia, com \u00e1rea de concentra\u00e7\u00e3o em Ensino de Ci\u00eancias, iniciados em 1995 e 1997, respectivamente.<\/p>\n<p>A partir do volume 5, Ci\u00eancia &amp; Educa\u00e7\u00e3o passou a ser publicada em dois n\u00fameros anuais, com corpo editorial, e estendeu-se a todos os pesquisadores do Brasil e do exterior interessados em divulgar resultados de pesquisas em Educa\u00e7\u00e3o em Ci\u00eancias, Matem\u00e1tica e \u00e1reas afins. Desde seu primeiro n\u00famero, Ci\u00eancia &amp; Educa\u00e7\u00e3o tem sido financiada parcialmente pelas Pr\u00f3-Reitorias de Extens\u00e3o (Proex) e de Pesquisa e P\u00f3s-gradua\u00e7\u00e3o (PROPP) da Unesp. A partir do volume 7, n\u00famero 2, passou a contar com o apoio financeiro do Conselho Nacional de Desenvolvimento Cient\u00edfico e Tecnol\u00f3gico (CNPq). Todos os artigos s\u00e3o arbitrados \u00e0s cegas por pelo menos dois pesquisadores experientes no assunto.<\/p>\n<p>Acesse a revista<br \/>\n<a href=\"http:\/\/www.scielo.br\/scielo.php?script=sci_serial&amp;pid=1516-7313&amp;lng=pt&amp;nrm=iso\" target=\"_blank\">http:\/\/www.scielo.br\/scielo.php?script=sci_serial&amp;pid=1516-7313&amp;lng=pt&amp;nrm=iso<\/a><\/p>\n<p>Assessoria de Comunica\u00e7\u00e3o e Imprensa<\/p>\n","protected":false},"excerpt":{"rendered":"<p>O artigo \u2018A import\u00e2ncia da reflex\u00e3o compartilhada no processo de evolu\u00e7\u00e3o conceitual de professores de ci\u00eancias sobre seu papel na media\u00e7\u00e3o do conhecimento no contexto escolar\u2019, de Lenice Helo\u00edsa de Arruda Silva, da Faculdade de Ci\u00eancias Biol\u00f3gicas e Ambientais); e Fernando Cesar Ferreira, da Faculdade de Ci\u00eancias Exatas e Tecnologia, ambos da Universidade Federal da [&hellip;]<\/p>\n","protected":false},"author":2,"featured_media":36241,"comment_status":"open","ping_status":"closed","sticky":false,"template":"","format":"standard","meta":{"tdm_status":"","tdm_grid_status":"","footnotes":""},"categories":[22],"tags":[],"class_list":{"0":"post-47007","1":"post","2":"type-post","3":"status-publish","4":"format-standard","5":"has-post-thumbnail","7":"category-brasil"},"_links":{"self":[{"href":"https:\/\/migracao.redenoticia.com.br\/noticia\/wp-json\/wp\/v2\/posts\/47007","targetHints":{"allow":["GET"]}}],"collection":[{"href":"https:\/\/migracao.redenoticia.com.br\/noticia\/wp-json\/wp\/v2\/posts"}],"about":[{"href":"https:\/\/migracao.redenoticia.com.br\/noticia\/wp-json\/wp\/v2\/types\/post"}],"author":[{"embeddable":true,"href":"https:\/\/migracao.redenoticia.com.br\/noticia\/wp-json\/wp\/v2\/users\/2"}],"replies":[{"embeddable":true,"href":"https:\/\/migracao.redenoticia.com.br\/noticia\/wp-json\/wp\/v2\/comments?post=47007"}],"version-history":[{"count":0,"href":"https:\/\/migracao.redenoticia.com.br\/noticia\/wp-json\/wp\/v2\/posts\/47007\/revisions"}],"wp:featuredmedia":[{"embeddable":true,"href":"https:\/\/migracao.redenoticia.com.br\/noticia\/wp-json\/wp\/v2\/media\/36241"}],"wp:attachment":[{"href":"https:\/\/migracao.redenoticia.com.br\/noticia\/wp-json\/wp\/v2\/media?parent=47007"}],"wp:term":[{"taxonomy":"category","embeddable":true,"href":"https:\/\/migracao.redenoticia.com.br\/noticia\/wp-json\/wp\/v2\/categories?post=47007"},{"taxonomy":"post_tag","embeddable":true,"href":"https:\/\/migracao.redenoticia.com.br\/noticia\/wp-json\/wp\/v2\/tags?post=47007"}],"curies":[{"name":"wp","href":"https:\/\/api.w.org\/{rel}","templated":true}]}}