{"id":47009,"date":"2013-09-05T20:21:00","date_gmt":"2013-09-05T23:21:00","guid":{"rendered":"http:\/\/www.redenoticia.com.br\/noticia\/?p=47009"},"modified":"2013-09-05T20:21:00","modified_gmt":"2013-09-05T23:21:00","slug":"guia-com-dicas-para-redacao-do-enem-ja-esta-na-internet","status":"publish","type":"post","link":"https:\/\/migracao.redenoticia.com.br\/noticia\/2013\/guia-com-dicas-para-redacao-do-enem-ja-esta-na-internet\/47009","title":{"rendered":"Guia com dicas para reda\u00e7\u00e3o do Enem j\u00e1 est\u00e1 na internet"},"content":{"rendered":"<p>Bras\u00edlia \u2013 O guia com orienta\u00e7\u00f5es sobre a <em><strong>reda\u00e7\u00e3o<\/strong><\/em> do Exame Nacional do Ensino M\u00e9dio <em><strong>Enem<\/strong> <\/em>deste ano foi divulgado hoje (5) pelo Minist\u00e9rio da Educa\u00e7\u00e3o (MEC). Com dicas para que os estudantes saibam como fazer uma boa reda\u00e7\u00e3o, o guia explica os crit\u00e9rios de corre\u00e7\u00e3o e inclui coment\u00e1rios sobre textos que obtiveram a nota m\u00e1xima no exame do ano passado. O guia est\u00e1 dispon\u00edvel na\u00a0<a href=\"http:\/\/enem.inep.gov.br\/\" target=\"_blank\">internet<\/a>\u00a0e\u00a0este ano n\u00e3o ser\u00e1 distribu\u00eddo na vers\u00e3o impressa para as escolas p\u00fablicas, como ocorreu em 2012.<\/p>\n<p>Cada uma das cinco compet\u00eancias avaliadas na corre\u00e7\u00e3o das reda\u00e7\u00f5es est\u00e1 explicada no guia. Entre os itens que comp\u00f5em o material, est\u00e3o os motivos que podem resultar em nota zero, como a fuga total ao tema e a inser\u00e7\u00e3o de temas indevidos. Na reda\u00e7\u00e3o, os estudantes n\u00e3o est\u00e3o obrigados a adotar as regras propostas pelo novo acordo ortogr\u00e1fico.<\/p>\n<p>O n\u00famero de corretores para a reda\u00e7\u00e3o do Enem 2013 foi ampliado de 8.400 para 9.500, depois que porque simula\u00e7\u00f5es do MEC mostraram a necessidade de mais profissionais porque os textos em que haja discrep\u00e2ncia superior a 100 pontos nas notas dos dois primeiros avaliadores t\u00eam de passar por um terceiro corretor. No ano passado, esse intervalo era 200 pontos.<\/p>\n<p>Entre as reda\u00e7\u00f5es com nota m\u00e1xima que est\u00e3o no guia, uma tem a palavra \u201cespanh\u00f3is\u201d grafada tr\u00eas vezes, uma delas sem acento. O presidente do Instituto Nacional de Estudos e Pesquisas Educacionais An\u00edsio Teixeira (Inep), Luiz Cl\u00e1udio Costa, disse que o exemplo tem car\u00e1ter pedag\u00f3gico e mostra que o estudante tem dom\u00ednio da norma culta por ter acentuado a palavra em outros momentos do texto.<\/p>\n<p>Segundo ele, o erro n\u00e3o caracteriza repetibilidade e excepcionalidade e serve tamb\u00e9m para alertar outros estudantes para que n\u00e3o cometam erro semelhante. \u201cN\u00e3o podemos esquecer o car\u00e1ter pedag\u00f3gico do Enem. \u00c9 um erro por esquecimento, mas ele tem dom\u00ednio da norma culta. Isso pode ocorrer quando a banca est\u00e1 convicta que ele tem dom\u00ednio da norma culta\u201d, explicou.<\/p>\n<p>Os candidatos devem receber os cart\u00f5es com os locais da prova do fim deste m\u00eas at\u00e9 o in\u00edcio de outubro. O ministro da Educa\u00e7\u00e3o, Aloizio Mercadante, alerta os estudantes para que fa\u00e7am o percurso de casa at\u00e9 o local da prova antes da data da aplica\u00e7\u00e3o do exame e fiquem atentos ao hor\u00e1rio.<\/p>\n<p>Yara Aquino<br \/>\nRep\u00f3rter da Ag\u00eancia Brasil<br \/>\nEdi\u00e7\u00e3o: N\u00e1dia Franco<\/p>\n","protected":false},"excerpt":{"rendered":"<p>Bras\u00edlia \u2013 O guia com orienta\u00e7\u00f5es sobre a reda\u00e7\u00e3o do Exame Nacional do Ensino M\u00e9dio Enem deste ano foi divulgado hoje (5) pelo Minist\u00e9rio da Educa\u00e7\u00e3o (MEC). Com dicas para que os estudantes saibam como fazer uma boa reda\u00e7\u00e3o, o guia explica os crit\u00e9rios de corre\u00e7\u00e3o e inclui coment\u00e1rios sobre textos que obtiveram a nota [&hellip;]<\/p>\n","protected":false},"author":2,"featured_media":36938,"comment_status":"open","ping_status":"closed","sticky":false,"template":"","format":"standard","meta":{"tdm_status":"","tdm_grid_status":"","footnotes":""},"categories":[22,370,295],"tags":[],"class_list":{"0":"post-47009","1":"post","2":"type-post","3":"status-publish","4":"format-standard","5":"has-post-thumbnail","7":"category-brasil","8":"category-inscricao","9":"category-vestibular"},"_links":{"self":[{"href":"https:\/\/migracao.redenoticia.com.br\/noticia\/wp-json\/wp\/v2\/posts\/47009","targetHints":{"allow":["GET"]}}],"collection":[{"href":"https:\/\/migracao.redenoticia.com.br\/noticia\/wp-json\/wp\/v2\/posts"}],"about":[{"href":"https:\/\/migracao.redenoticia.com.br\/noticia\/wp-json\/wp\/v2\/types\/post"}],"author":[{"embeddable":true,"href":"https:\/\/migracao.redenoticia.com.br\/noticia\/wp-json\/wp\/v2\/users\/2"}],"replies":[{"embeddable":true,"href":"https:\/\/migracao.redenoticia.com.br\/noticia\/wp-json\/wp\/v2\/comments?post=47009"}],"version-history":[{"count":0,"href":"https:\/\/migracao.redenoticia.com.br\/noticia\/wp-json\/wp\/v2\/posts\/47009\/revisions"}],"wp:featuredmedia":[{"embeddable":true,"href":"https:\/\/migracao.redenoticia.com.br\/noticia\/wp-json\/wp\/v2\/media\/36938"}],"wp:attachment":[{"href":"https:\/\/migracao.redenoticia.com.br\/noticia\/wp-json\/wp\/v2\/media?parent=47009"}],"wp:term":[{"taxonomy":"category","embeddable":true,"href":"https:\/\/migracao.redenoticia.com.br\/noticia\/wp-json\/wp\/v2\/categories?post=47009"},{"taxonomy":"post_tag","embeddable":true,"href":"https:\/\/migracao.redenoticia.com.br\/noticia\/wp-json\/wp\/v2\/tags?post=47009"}],"curies":[{"name":"wp","href":"https:\/\/api.w.org\/{rel}","templated":true}]}}