{"id":47013,"date":"2013-09-05T20:31:04","date_gmt":"2013-09-05T23:31:04","guid":{"rendered":"http:\/\/www.redenoticia.com.br\/noticia\/?p=47013"},"modified":"2013-09-05T20:31:04","modified_gmt":"2013-09-05T23:31:04","slug":"concurso-publico-tribunal-de-justica-do-piaui-oferece-292-vagas","status":"publish","type":"post","link":"https:\/\/migracao.redenoticia.com.br\/noticia\/2013\/concurso-publico-tribunal-de-justica-do-piaui-oferece-292-vagas\/47013","title":{"rendered":"Concurso p\u00fablico &#8211; Tribunal de Justi\u00e7a do Piau\u00ed oferece 292 vagas"},"content":{"rendered":"<p>O Tribunal de Justi\u00e7a do Estado do Piau\u00ed (<em><strong>TJPI<\/strong><\/em>) abriu, nesta segunda-feira (22\/7), <em><strong>concurso p\u00fablico<\/strong> <\/em>para prover 292 vagas de outorga de delega\u00e7\u00f5es de serventias extrajudiciais de notas e de registro do Estado do Piau\u00ed. Do total de vagas, 5% s\u00e3o reservadas para candidatos com defici\u00eancia.<\/p>\n<p>Para participar da sele\u00e7\u00e3o, \u00e9 necess\u00e1rio ser bacharel em Direito, com diploma registrado, ou ter exercido, por dez anos, fun\u00e7\u00e3o em servi\u00e7os notariais ou de registros. No caso de candidato por remo\u00e7\u00e3o, \u00e9 preciso comprovar que j\u00e1 exerce a titularidade plena de serventia extrajudicial no Piau\u00ed por mais de dois anos.<\/p>\n<p>As inscri\u00e7\u00f5es podem ser feitas entre os dias 20 de agosto e 8 de setembro, somente pelo\u00a0site<a href=\"http:\/\/www.cespe.unb.br\/concursos\/tj_pi_13_notarios\" target=\"_blank\">www.cespe.unb.br\/concursos\/tj_pi_13_notarios<\/a>. A taxa \u00e9 R$ 200,00.<\/p>\n<p>SELE\u00c7\u00c3O \u2013\u00a0O concurso ter\u00e1 seis etapas. A primeira e segunda ser\u00e3o de prova objetiva de sele\u00e7\u00e3o e prova escrita e pr\u00e1tica, respectivamente. Na terceira etapa, os candidatos dever\u00e3o comprovar os requisitos para outorga das delega\u00e7\u00f5es. A quarta etapa ser\u00e1 composta das fases de exames psicot\u00e9cnico e da entrega dos laudos neurol\u00f3gico e psiqui\u00e1trico, entrevista pessoal e an\u00e1lise da vida pregressa. A quinta e a sexta etapas ser\u00e3o de prova oral e avalia\u00e7\u00e3o de t\u00edtulos, respectivamente.<\/p>\n<p>Todas as etapas do concurso ser\u00e3o realizadas na cidade de Teresina (PI). A aplica\u00e7\u00e3o da primeira etapa est\u00e1 prevista para o dia 10 de novembro, no turno da manh\u00e3, na cidade de Teresina (PI).<\/p>\n<p>SERVI\u00c7O<br \/>\nConcurso:\u00a0Tribunal de Justi\u00e7a do Estado do Piau\u00ed (TJPI)<br \/>\nCargo:\u00a0Outorga de delega\u00e7\u00f5es de serventias extrajudiciais de notas e de registro<br \/>\nVagas:\u00a0292<br \/>\nInscri\u00e7\u00f5es:\u00a0entre 20 de agosto e 8 de setembro<br \/>\nTaxa:\u00a0R$ 200,00<br \/>\nProva objetiva de sele\u00e7\u00e3o:\u00a010 de novembro<\/p>\n<p>CONTATO<br \/>\nOutras informa\u00e7\u00f5es no\u00a0site\u00a0<a href=\"http:\/\/www.cespe.unb.br\/concursos\/tj_pi_13_notarios\" target=\"_blank\">www.cespe.unb.br\/concursos\/tj_pi_13_notarios<\/a>\u00a0ou na Central de Atendimento ao Candidato do Cespe\/UnB, de segunda a sexta, das 8h \u00e0s 19h \u2013 Campus Universit\u00e1rio Darcy Ribeiro, Sede do Cespe\/UnB \u2013 (61) 3448 0100.<\/p>\n","protected":false},"excerpt":{"rendered":"<p>O Tribunal de Justi\u00e7a do Estado do Piau\u00ed (TJPI) abriu, nesta segunda-feira (22\/7), concurso p\u00fablico para prover 292 vagas de outorga de delega\u00e7\u00f5es de serventias extrajudiciais de notas e de registro do Estado do Piau\u00ed. Do total de vagas, 5% s\u00e3o reservadas para candidatos com defici\u00eancia. Para participar da sele\u00e7\u00e3o, \u00e9 necess\u00e1rio ser bacharel em [&hellip;]<\/p>\n","protected":false},"author":2,"featured_media":28974,"comment_status":"open","ping_status":"closed","sticky":false,"template":"","format":"standard","meta":{"tdm_status":"","tdm_grid_status":"","footnotes":""},"categories":[22,352,370],"tags":[],"class_list":{"0":"post-47013","1":"post","2":"type-post","3":"status-publish","4":"format-standard","5":"has-post-thumbnail","7":"category-brasil","8":"category-concursos","9":"category-inscricao"},"_links":{"self":[{"href":"https:\/\/migracao.redenoticia.com.br\/noticia\/wp-json\/wp\/v2\/posts\/47013","targetHints":{"allow":["GET"]}}],"collection":[{"href":"https:\/\/migracao.redenoticia.com.br\/noticia\/wp-json\/wp\/v2\/posts"}],"about":[{"href":"https:\/\/migracao.redenoticia.com.br\/noticia\/wp-json\/wp\/v2\/types\/post"}],"author":[{"embeddable":true,"href":"https:\/\/migracao.redenoticia.com.br\/noticia\/wp-json\/wp\/v2\/users\/2"}],"replies":[{"embeddable":true,"href":"https:\/\/migracao.redenoticia.com.br\/noticia\/wp-json\/wp\/v2\/comments?post=47013"}],"version-history":[{"count":0,"href":"https:\/\/migracao.redenoticia.com.br\/noticia\/wp-json\/wp\/v2\/posts\/47013\/revisions"}],"wp:featuredmedia":[{"embeddable":true,"href":"https:\/\/migracao.redenoticia.com.br\/noticia\/wp-json\/wp\/v2\/media\/28974"}],"wp:attachment":[{"href":"https:\/\/migracao.redenoticia.com.br\/noticia\/wp-json\/wp\/v2\/media?parent=47013"}],"wp:term":[{"taxonomy":"category","embeddable":true,"href":"https:\/\/migracao.redenoticia.com.br\/noticia\/wp-json\/wp\/v2\/categories?post=47013"},{"taxonomy":"post_tag","embeddable":true,"href":"https:\/\/migracao.redenoticia.com.br\/noticia\/wp-json\/wp\/v2\/tags?post=47013"}],"curies":[{"name":"wp","href":"https:\/\/api.w.org\/{rel}","templated":true}]}}