{"id":47016,"date":"2013-09-05T20:34:59","date_gmt":"2013-09-05T23:34:59","guid":{"rendered":"http:\/\/www.redenoticia.com.br\/noticia\/?p=47016"},"modified":"2013-09-05T20:34:59","modified_gmt":"2013-09-05T23:34:59","slug":"faperj-concede-bolsas-a-200-pesquisadores-do-rio","status":"publish","type":"post","link":"https:\/\/migracao.redenoticia.com.br\/noticia\/2013\/faperj-concede-bolsas-a-200-pesquisadores-do-rio\/47016","title":{"rendered":"Faperj concede bolsas a 200 pesquisadores do Rio"},"content":{"rendered":"<p>Rio de Janeiro \u2013 A Funda\u00e7\u00e3o Carlos Chagas Filho de Amparo \u00e0 Pesquisa do Estado do Rio de Janeiro (Faperj) entregou hoje (5) as outorgas de Cientista do Nosso Estado e Jovem Cientista do Nosso Estado a 200 pesquisadores, com <em><strong>bolsas<\/strong><\/em> de 36 meses que somam recursos de R$ 18,360 milh\u00f5es da Secretaria de Estado de Ci\u00eancia e Tecnologia. O programa j\u00e1 beneficia mais de 500 cientistas, com doutorado conclu\u00eddo h\u00e1 pelo menos dez anos, e mais de 300 jovens cientistas, que conclu\u00edram o doutorado h\u00e1 menos de dez anos. Para os cientistas, a bolsa \u00e9 de R$ 2,8 mil e para os jovens cientistas, R$ 2,1 mil.<\/p>\n<p>&#8220;\u00c9 muito dif\u00edcil para um jovem doutor entrar na ci\u00eancia. Nossas pesquisas s\u00e3o caras e demandam investimento muito grande. Quando o estado d\u00e1 esse investimento, faz com que as pessoas consigam se destacar, consolidar novos grupos de pesquisa e nuclea\u00e7\u00f5es. Isso \u00e9 fundamental para a renova\u00e7\u00e3o da ci\u00eancia e para o corpo de cientistas do estado&#8221;, disse a jovem cientista Alessandra Matos, que obteve pela segunda vez a bolsa para estudar a rea\u00e7\u00e3o dos hospedeiros a um tipo de pneumonia bacteriana.<\/p>\n<p>Na cerim\u00f4nia de entrega, o governador, S\u00e9rgio Cabral, e o presidente da Faperj, Ruy Garcia Marques, anunciaram que a antiga sede da Secretaria Estadual de Fazenda ser\u00e1 transformada no Pal\u00e1cio da Ci\u00eancia, futura sede da funda\u00e7\u00e3o e da Academia Brasileira de Ci\u00eancia. O projeto est\u00e1 em avalia\u00e7\u00e3o pelo Tribunal de Contas do Estado e ainda ser\u00e1 licitado.<\/p>\n<p>O Edif\u00edcio Sulam\u00e9rica, de 1910, \u00e9 assinado pelo arquiteto franc\u00eas Joseph Gire, o mesmo que projetou o Copacabana Palace, o Hotel Gl\u00f3ria e o Edif\u00edcio A Noite, sede hist\u00f3rica da R\u00e1dio Nacional.<\/p>\n<p>Vin\u00edcius Lisboa<br \/>\nRep\u00f3rter da Ag\u00eancia Brasil<br \/>\nEdi\u00e7\u00e3o: Denise Griesinger<\/p>\n","protected":false},"excerpt":{"rendered":"<p>Rio de Janeiro \u2013 A Funda\u00e7\u00e3o Carlos Chagas Filho de Amparo \u00e0 Pesquisa do Estado do Rio de Janeiro (Faperj) entregou hoje (5) as outorgas de Cientista do Nosso Estado e Jovem Cientista do Nosso Estado a 200 pesquisadores, com bolsas de 36 meses que somam recursos de R$ 18,360 milh\u00f5es da Secretaria de Estado [&hellip;]<\/p>\n","protected":false},"author":2,"featured_media":34767,"comment_status":"open","ping_status":"closed","sticky":false,"template":"","format":"standard","meta":{"tdm_status":"","tdm_grid_status":"","footnotes":""},"categories":[22],"tags":[],"class_list":{"0":"post-47016","1":"post","2":"type-post","3":"status-publish","4":"format-standard","5":"has-post-thumbnail","7":"category-brasil"},"_links":{"self":[{"href":"https:\/\/migracao.redenoticia.com.br\/noticia\/wp-json\/wp\/v2\/posts\/47016","targetHints":{"allow":["GET"]}}],"collection":[{"href":"https:\/\/migracao.redenoticia.com.br\/noticia\/wp-json\/wp\/v2\/posts"}],"about":[{"href":"https:\/\/migracao.redenoticia.com.br\/noticia\/wp-json\/wp\/v2\/types\/post"}],"author":[{"embeddable":true,"href":"https:\/\/migracao.redenoticia.com.br\/noticia\/wp-json\/wp\/v2\/users\/2"}],"replies":[{"embeddable":true,"href":"https:\/\/migracao.redenoticia.com.br\/noticia\/wp-json\/wp\/v2\/comments?post=47016"}],"version-history":[{"count":0,"href":"https:\/\/migracao.redenoticia.com.br\/noticia\/wp-json\/wp\/v2\/posts\/47016\/revisions"}],"wp:featuredmedia":[{"embeddable":true,"href":"https:\/\/migracao.redenoticia.com.br\/noticia\/wp-json\/wp\/v2\/media\/34767"}],"wp:attachment":[{"href":"https:\/\/migracao.redenoticia.com.br\/noticia\/wp-json\/wp\/v2\/media?parent=47016"}],"wp:term":[{"taxonomy":"category","embeddable":true,"href":"https:\/\/migracao.redenoticia.com.br\/noticia\/wp-json\/wp\/v2\/categories?post=47016"},{"taxonomy":"post_tag","embeddable":true,"href":"https:\/\/migracao.redenoticia.com.br\/noticia\/wp-json\/wp\/v2\/tags?post=47016"}],"curies":[{"name":"wp","href":"https:\/\/api.w.org\/{rel}","templated":true}]}}