{"id":47020,"date":"2013-09-05T20:41:52","date_gmt":"2013-09-05T23:41:52","guid":{"rendered":"http:\/\/www.redenoticia.com.br\/noticia\/?p=47020"},"modified":"2013-09-05T20:41:52","modified_gmt":"2013-09-05T23:41:52","slug":"ipea-crescimento-baixo-da-produtividade-atrasa-desempenho-economico","status":"publish","type":"post","link":"https:\/\/migracao.redenoticia.com.br\/noticia\/2013\/ipea-crescimento-baixo-da-produtividade-atrasa-desempenho-economico\/47020","title":{"rendered":"Ipea: crescimento baixo da produtividade atrasa desempenho econ\u00f4mico"},"content":{"rendered":"<p>Bras\u00edlia \u2013 A taxa m\u00e9dia anual de <em><strong>crescimento da produtividade<\/strong><\/em> agregada do trabalho foi 1,09% entre 1992 e 2001, evoluindo para 1,17% no per\u00edodo de 2002 a 2009, de acordo com o boletim Radar: Tecnologia, Produ\u00e7\u00e3o e Com\u00e9rcio Exterior, divulgado hoje (5) pelo Instituto de Pesquisa Econ\u00f4mica Aplicada (Ipea).<\/p>\n<p>O boletim traz quatro artigos de pesquisadores do Ipea, com an\u00e1lises da trajet\u00f3ria da produtividade no Brasil. Em um deles, Gabriel Squeff e Fernanda De Negri destacam que \u201co baixo crescimento da produtividade \u00e9 um dos principais fatores a explicar o fraco desempenho econ\u00f4mico\u201d do pa\u00eds nas \u00faltimas d\u00e9cadas.<\/p>\n<p>Apesar de alguns autores apontarem para uma acelera\u00e7\u00e3o do crescimento da produtividade total dos fatores (PTF) no in\u00edcio dos anos 2000, em rela\u00e7\u00e3o \u00e0 d\u00e9cada anterior, eles sustentam que \u201cem termos hist\u00f3ricos, o crescimento \u00e9 pouco expressivo\u201d. Al\u00e9m do mais, lembram que houve nova estagna\u00e7\u00e3o no crescimento da PTF na economia brasileira depois da crise de 2008.<\/p>\n<p>Em outro artigo, Lucas Mation faz compara\u00e7\u00f5es internacionais sobre produtividade total dos fatores, a partir de 1960. Ele cita que a PTF brasileira cresceu 23% at\u00e9 2010, depois de bom ritmo nas d\u00e9cadas de 1960 e 1970, de decl\u00ednio nos anos 1980 e 1990 e de estabilidade na d\u00e9cada passada. Enquanto isso, os Estados Unidos evolu\u00edram 50% no mesmo per\u00edodo, a Coreia do Sul cresceu 90% e a China registrou amplia\u00e7\u00e3o \u201cextremamente r\u00e1pida\u201d da PTF, de 1980 para c\u00e1, de 177%.<\/p>\n<p>O boletim Radar lembra ainda que as colabora\u00e7\u00f5es t\u00e9cnicas sobre produtividade fazem parte de um projeto mais amplo da Diretoria de Estudos e Pol\u00edticas Setoriais de Inova\u00e7\u00e3o, Regula\u00e7\u00e3o e Infraestrutura (Diset) do Ipea, que prepara an\u00e1lise completa da trajet\u00f3ria da produtividade, com vistas a definir melhor posicionamento da economia brasileira.<\/p>\n<p>St\u00eanio Ribeiro<br \/>\nRep\u00f3rter da Ag\u00eancia Brasil<br \/>\nEdi\u00e7\u00e3o: Gra\u00e7a Adjuto<\/p>\n","protected":false},"excerpt":{"rendered":"<p>Bras\u00edlia \u2013 A taxa m\u00e9dia anual de crescimento da produtividade agregada do trabalho foi 1,09% entre 1992 e 2001, evoluindo para 1,17% no per\u00edodo de 2002 a 2009, de acordo com o boletim Radar: Tecnologia, Produ\u00e7\u00e3o e Com\u00e9rcio Exterior, divulgado hoje (5) pelo Instituto de Pesquisa Econ\u00f4mica Aplicada (Ipea). O boletim traz quatro artigos de [&hellip;]<\/p>\n","protected":false},"author":2,"featured_media":38938,"comment_status":"open","ping_status":"closed","sticky":false,"template":"","format":"standard","meta":{"tdm_status":"","tdm_grid_status":"","footnotes":""},"categories":[22,7],"tags":[],"class_list":{"0":"post-47020","1":"post","2":"type-post","3":"status-publish","4":"format-standard","5":"has-post-thumbnail","7":"category-brasil","8":"category-economia"},"_links":{"self":[{"href":"https:\/\/migracao.redenoticia.com.br\/noticia\/wp-json\/wp\/v2\/posts\/47020","targetHints":{"allow":["GET"]}}],"collection":[{"href":"https:\/\/migracao.redenoticia.com.br\/noticia\/wp-json\/wp\/v2\/posts"}],"about":[{"href":"https:\/\/migracao.redenoticia.com.br\/noticia\/wp-json\/wp\/v2\/types\/post"}],"author":[{"embeddable":true,"href":"https:\/\/migracao.redenoticia.com.br\/noticia\/wp-json\/wp\/v2\/users\/2"}],"replies":[{"embeddable":true,"href":"https:\/\/migracao.redenoticia.com.br\/noticia\/wp-json\/wp\/v2\/comments?post=47020"}],"version-history":[{"count":0,"href":"https:\/\/migracao.redenoticia.com.br\/noticia\/wp-json\/wp\/v2\/posts\/47020\/revisions"}],"wp:featuredmedia":[{"embeddable":true,"href":"https:\/\/migracao.redenoticia.com.br\/noticia\/wp-json\/wp\/v2\/media\/38938"}],"wp:attachment":[{"href":"https:\/\/migracao.redenoticia.com.br\/noticia\/wp-json\/wp\/v2\/media?parent=47020"}],"wp:term":[{"taxonomy":"category","embeddable":true,"href":"https:\/\/migracao.redenoticia.com.br\/noticia\/wp-json\/wp\/v2\/categories?post=47020"},{"taxonomy":"post_tag","embeddable":true,"href":"https:\/\/migracao.redenoticia.com.br\/noticia\/wp-json\/wp\/v2\/tags?post=47020"}],"curies":[{"name":"wp","href":"https:\/\/api.w.org\/{rel}","templated":true}]}}