{"id":47022,"date":"2013-09-06T08:08:26","date_gmt":"2013-09-06T11:08:26","guid":{"rendered":"http:\/\/www.redenoticia.com.br\/noticia\/?p=47022"},"modified":"2013-09-05T22:12:12","modified_gmt":"2013-09-06T01:12:12","slug":"dupla-sena-1209-sorteio-em-0609","status":"publish","type":"post","link":"https:\/\/migracao.redenoticia.com.br\/noticia\/2013\/dupla-sena-1209-sorteio-em-0609\/47022","title":{"rendered":"Dupla Sena 1209: sorteio em 06\/09"},"content":{"rendered":"<p>Resultado da<em><strong>\u00a0Dupla Sena\u00a0<\/strong><\/em>1209: no \u00faltimo sorteio o pr\u00eamio principal da Dupla Sena acumulou. O\u00a0valor do pr\u00eamio principal deste concurso foi estimado em R$ 2.200.000,00. \u00a0O\u00a0sorteio do concurso da Loteria Caixa Dupla Sena\u00a01209 acontece na noite desta sexta-feira (06\/09). \u00a0O resultado da Dupla Sena \u00e9\u00a0divulgado\u00a0no Audit\u00f3rio da CAIXA ou no Caminh\u00e3o da Sorte,\u00a0que esta semana est\u00e1 estacionado na Pra\u00e7a Narciso de Andrade, s\/n\u00ba, Itanha\u00e9m \/ SP.<\/p>\n<p>[xyz-ips snippet=&#8221;ResultadoDuplaSena&#8221;]<\/p>\n<p>&nbsp;<\/p>\n<p>Na Dupla Sena, com o mesmo bilhete, voc\u00ea tem 2 chances de ganhar. Voc\u00ea escolhe de 6 a 15 n\u00fameros, entre os 50 dispon\u00edveis no volante, e participa de 2 sorteios por concurso. Se voc\u00ea n\u00e3o acertar 6 n\u00fameros no primeiro sorteio, pode ganhar no segundo. Nele, voc\u00ea ganha se acertar 4, 5 ou 6 n\u00fameros. Voc\u00ea pode deixar, ainda, que o sistema escolha os n\u00fameros para voc\u00ea (Surpresinha) e\/ou concorrer com o mesmo jogo por 2, 4 ou 8 concursos consecutivos (Teimosinha). Confira o bilhete impresso em uma casa lot\u00e9rica. Ele \u00e9 o \u00fanico comprovante da sua aposta.<\/p>\n<p>Os pr\u00eamios prescrevem 90 dias ap\u00f3s a data do sorteio. Ap\u00f3s esse prazo, os valores s\u00e3o repassados ao tesouro nacional para aplica\u00e7\u00e3o no FIES \u2013 Fundo de Financiamento ao Estudante do Ensino Superior.<\/p>\n<p>Fonte: Loterias Caixa<\/p>\n","protected":false},"excerpt":{"rendered":"<p>Resultado da\u00a0Dupla Sena\u00a01209: no \u00faltimo sorteio o pr\u00eamio principal da Dupla Sena acumulou. O\u00a0valor do pr\u00eamio principal deste concurso foi estimado em R$ 2.200.000,00. \u00a0O\u00a0sorteio do concurso da Loteria Caixa Dupla Sena\u00a01209 acontece na noite desta sexta-feira (06\/09). \u00a0O resultado da Dupla Sena \u00e9\u00a0divulgado\u00a0no Audit\u00f3rio da CAIXA ou no Caminh\u00e3o da Sorte,\u00a0que esta semana est\u00e1 [&hellip;]<\/p>\n","protected":false},"author":2,"featured_media":18889,"comment_status":"open","ping_status":"closed","sticky":false,"template":"","format":"standard","meta":{"tdm_status":"","tdm_grid_status":"","footnotes":""},"categories":[360,335],"tags":[],"class_list":{"0":"post-47022","1":"post","2":"type-post","3":"status-publish","4":"format-standard","5":"has-post-thumbnail","7":"category-dupla-sena","8":"category-loteria"},"_links":{"self":[{"href":"https:\/\/migracao.redenoticia.com.br\/noticia\/wp-json\/wp\/v2\/posts\/47022","targetHints":{"allow":["GET"]}}],"collection":[{"href":"https:\/\/migracao.redenoticia.com.br\/noticia\/wp-json\/wp\/v2\/posts"}],"about":[{"href":"https:\/\/migracao.redenoticia.com.br\/noticia\/wp-json\/wp\/v2\/types\/post"}],"author":[{"embeddable":true,"href":"https:\/\/migracao.redenoticia.com.br\/noticia\/wp-json\/wp\/v2\/users\/2"}],"replies":[{"embeddable":true,"href":"https:\/\/migracao.redenoticia.com.br\/noticia\/wp-json\/wp\/v2\/comments?post=47022"}],"version-history":[{"count":0,"href":"https:\/\/migracao.redenoticia.com.br\/noticia\/wp-json\/wp\/v2\/posts\/47022\/revisions"}],"wp:featuredmedia":[{"embeddable":true,"href":"https:\/\/migracao.redenoticia.com.br\/noticia\/wp-json\/wp\/v2\/media\/18889"}],"wp:attachment":[{"href":"https:\/\/migracao.redenoticia.com.br\/noticia\/wp-json\/wp\/v2\/media?parent=47022"}],"wp:term":[{"taxonomy":"category","embeddable":true,"href":"https:\/\/migracao.redenoticia.com.br\/noticia\/wp-json\/wp\/v2\/categories?post=47022"},{"taxonomy":"post_tag","embeddable":true,"href":"https:\/\/migracao.redenoticia.com.br\/noticia\/wp-json\/wp\/v2\/tags?post=47022"}],"curies":[{"name":"wp","href":"https:\/\/api.w.org\/{rel}","templated":true}]}}