{"id":4710,"date":"2009-07-06T10:36:51","date_gmt":"2009-07-06T14:36:51","guid":{"rendered":"http:\/\/www.redenoticia.com.br\/noticia\/?p=4710"},"modified":"2009-07-06T10:47:29","modified_gmt":"2009-07-06T14:47:29","slug":"cooperativismo-alternativa-na-crise","status":"publish","type":"post","link":"https:\/\/migracao.redenoticia.com.br\/noticia\/2009\/cooperativismo-alternativa-na-crise\/4710","title":{"rendered":"Cooperativismo, alternativa na crise"},"content":{"rendered":"<p><a href=\"https:\/\/migracao.redenoticia.com.br\/noticia\/imagens\/\/unimed21.jpg\"><img loading=\"lazy\" decoding=\"async\" class=\"alignleft size-medium wp-image-4717\" title=\"unimed2\" src=\"https:\/\/migracao.redenoticia.com.br\/noticia\/imagens\/\/unimed21-249x187.jpg\" alt=\"unimed2\" width=\"249\" height=\"187\" srcset=\"https:\/\/migracao.redenoticia.com.br\/noticia\/imagens\/unimed21-249x187.jpg 249w, https:\/\/migracao.redenoticia.com.br\/noticia\/imagens\/unimed21-250x187.jpg 250w, https:\/\/migracao.redenoticia.com.br\/noticia\/imagens\/unimed21.jpg 400w, https:\/\/migracao.redenoticia.com.br\/noticia\/imagens\/unimed21-150x113.jpg 150w, https:\/\/migracao.redenoticia.com.br\/noticia\/imagens\/unimed21-265x198.jpg 265w, https:\/\/migracao.redenoticia.com.br\/noticia\/imagens\/unimed21-149x112.jpg 149w\" sizes=\"auto, (max-width: 249px) 100vw, 249px\" \/><\/a>Em tempos de crise financeira n\u00e3o faltam especula\u00e7\u00f5es sobre o impacto na economia local. A fal\u00eancia de empreendimentos s\u00f3lidos alarmou muita gente e fez com que a sociedade passasse a buscar alternativas para driblar o momento de instabilidade.<\/p>\n<p>E uma das maneiras encontradas por muitos foi o ingresso no sistema cooperativista que tem registrado crescimento, mesmo na atual conjuntura. Segundo a Organiza\u00e7\u00e3o das Cooperativas Brasileiras (OCB), o faturamento das cooperativas alcan\u00e7ou cerca de R$ 86 bilh\u00f5es em 2008, o que corresponde a um crescimento pr\u00f3ximo de 15% sobre os R$ 72 bilh\u00f5es registrado em 2007.<\/p>\n<p>O sistema que tem como princ\u00edpio a reuni\u00e3o de pessoas \u00e9 t\u00e3o forte no mundo que tem at\u00e9 data comemorativa. H\u00e1 86 anos, a Alian\u00e7a Cooperativa Internacional lan\u00e7ou o \u201cDia Mundial do Cooperativismo\u201d, comemorado a cada primeiro s\u00e1bado de julho.<\/p>\n<p>Atualmente 7,8 milh\u00f5es de pessoas s\u00e3o associadas a mais de 7,6 mil cooperativas. Entre 2002 e 2008, foi registrado um crescimento de 162% no n\u00famero de associados. A evolu\u00e7\u00e3o dos n\u00fameros reflete o potencial de crescimento do cooperativismo no Pa\u00eds, que hoje emprega 254 mil pessoas e responde por 1,5% do Sistema Financeiro Nacional.<\/p>\n<p>Em Ji-Paran\u00e1, na \u00e1rea da sa\u00fade, por exemplo, o cooperativismo de trabalho m\u00e9dico, representado pela Unimed , completou 14 anos gerando empregos e contribuindo para o desenvolvimento do munic\u00edpio. Hoje, integram a Unimed  Ji-Paran\u00e1 125 m\u00e9dicos cooperados, mais de 10 mil clientes e quase 100 colaboradores.<\/p>\n<p>O m\u00e9dico pediatra Gilberto Domingues \u00e9 um exemplo de profissional que buscou no cooperativismo for\u00e7as para alavancar empreendimentos. \u201cFazer parte de um grupo fortalece a classe e possibilita a busca de melhores condi\u00e7\u00f5es de trabalho\u201d. Fundador e atual diretor presidente da Unimed  Ji-Paran\u00e1, ele j\u00e1 fez parte do Conselho de Administra\u00e7\u00e3o da Unicred Cooperativa de Cr\u00e9dito Diretor, foi presidente da Cooperativa de Criadores de Avestruz e da Elo Cooperativa de Consumo. \u201c\u00c9 nas dificuldades que aparecem os principais pilares da coopera\u00e7\u00e3o: ajuda m\u00fatua, responsabilidade, democracia, igualdade, equidade e solidariedade\u201d, afirma.<\/p>\n","protected":false},"excerpt":{"rendered":"<p>Em tempos de crise financeira n\u00e3o faltam especula\u00e7\u00f5es sobre o impacto na economia local. A fal\u00eancia de empreendimentos s\u00f3lidos alarmou muita gente e fez com que a sociedade passasse a buscar alternativas para driblar o momento de instabilidade. E uma das maneiras encontradas por muitos foi o ingresso no sistema cooperativista que tem registrado crescimento, [&hellip;]<\/p>\n","protected":false},"author":2,"featured_media":0,"comment_status":"open","ping_status":"open","sticky":false,"template":"","format":"standard","meta":{"tdm_status":"","tdm_grid_status":"","footnotes":""},"categories":[22,7],"tags":[],"class_list":{"0":"post-4710","1":"post","2":"type-post","3":"status-publish","4":"format-standard","6":"category-brasil","7":"category-economia"},"_links":{"self":[{"href":"https:\/\/migracao.redenoticia.com.br\/noticia\/wp-json\/wp\/v2\/posts\/4710","targetHints":{"allow":["GET"]}}],"collection":[{"href":"https:\/\/migracao.redenoticia.com.br\/noticia\/wp-json\/wp\/v2\/posts"}],"about":[{"href":"https:\/\/migracao.redenoticia.com.br\/noticia\/wp-json\/wp\/v2\/types\/post"}],"author":[{"embeddable":true,"href":"https:\/\/migracao.redenoticia.com.br\/noticia\/wp-json\/wp\/v2\/users\/2"}],"replies":[{"embeddable":true,"href":"https:\/\/migracao.redenoticia.com.br\/noticia\/wp-json\/wp\/v2\/comments?post=4710"}],"version-history":[{"count":0,"href":"https:\/\/migracao.redenoticia.com.br\/noticia\/wp-json\/wp\/v2\/posts\/4710\/revisions"}],"wp:attachment":[{"href":"https:\/\/migracao.redenoticia.com.br\/noticia\/wp-json\/wp\/v2\/media?parent=4710"}],"wp:term":[{"taxonomy":"category","embeddable":true,"href":"https:\/\/migracao.redenoticia.com.br\/noticia\/wp-json\/wp\/v2\/categories?post=4710"},{"taxonomy":"post_tag","embeddable":true,"href":"https:\/\/migracao.redenoticia.com.br\/noticia\/wp-json\/wp\/v2\/tags?post=4710"}],"curies":[{"name":"wp","href":"https:\/\/api.w.org\/{rel}","templated":true}]}}