{"id":4722,"date":"2009-07-06T10:59:19","date_gmt":"2009-07-06T14:59:19","guid":{"rendered":"http:\/\/www.redenoticia.com.br\/noticia\/?p=4722"},"modified":"2009-07-06T11:01:08","modified_gmt":"2009-07-06T15:01:08","slug":"cocorico-da-tv-cultura-estreia-no-cinema-do-brasil","status":"publish","type":"post","link":"https:\/\/migracao.redenoticia.com.br\/noticia\/2009\/cocorico-da-tv-cultura-estreia-no-cinema-do-brasil\/4722","title":{"rendered":"COCORIC\u00d3 da TV Cultura estr\u00e9ia no cinema do Brasil"},"content":{"rendered":"<p><a href=\"https:\/\/migracao.redenoticia.com.br\/noticia\/imagens\/\/cocorico.jpg\"><img loading=\"lazy\" decoding=\"async\" class=\"alignleft size-medium wp-image-4723\" title=\"cocorico\" src=\"https:\/\/migracao.redenoticia.com.br\/noticia\/imagens\/\/cocorico-249x187.jpg\" alt=\"cocorico\" width=\"249\" height=\"187\" \/><\/a>Cocoric\u00f3, da TV Cultura, estreia no cinema no dia 18 de julho. \u00c9 a primeira vez, em 13 anos de hist\u00f3ria, que as aventuras de J\u00falio e sua turma poder\u00e3o ser acompanhadas fora da TV. Cine Cocoric\u00f3: As Aventuras na Cidade &#8211; cinco epis\u00f3dios in\u00e9ditos da nova temporada &#8211; entra em cartaz nas salas do circuito Rain em S\u00e3o Paulo, Campinas, Taubat\u00e9, Jundia\u00ed, Santos, S\u00e3o Vicente, Rio de Janeiro, Porto Alegre e Curitiba.<\/p>\n<p>O projeto \u00e9 uma parceria da TV Cultura com a Movie Mobz, distribuidora de filmes digitais, com sede no Rio de Janeiro. C\u00edcero Feltrin, diretor de capta\u00e7\u00e3o e marketing da TV Cultura, diz que a ida de Cocoric\u00f3 para o cinema \u00e9 uma demanda do mercado: &#8220;A evolu\u00e7\u00e3o tecnol\u00f3gica, com a grava\u00e7\u00e3o da s\u00e9rie em HDTV, permitiu essa ida para a tela grande&#8221;.<\/p>\n<p>Cocoric\u00f3 poder\u00e1 ser visto em pelo menos 21 salas. F\u00e1bio Lima, diretor da Movie Mobz, diz que a empresa abra\u00e7ou o projeto pela qualidade da s\u00e9rie para o p\u00fablico infantil, uma vez que n\u00e3o \u00e9 comum investir em produ\u00e7\u00f5es para crian\u00e7as da faixa entre 3 e 10 anos.<\/p>\n<p>A trajet\u00f3ria do Cocoric\u00f3 depois da estreia do cinema \u00e9 longa. Ser\u00e1 oferecido em pay per view, em julho e agosto. No come\u00e7o de setembro sai em DVD e, no m\u00eas de outubro, estreia na TV R\u00e1 Tim Bum. Na TV aberta, s\u00f3 em 2010 as aventuras urbanas de J\u00falio e seus amigos entram na programa\u00e7\u00e3o da TV Cultura.<\/p>\n<p>Aventuras urbanas<\/p>\n<p>Na nova temporada, J\u00falio vai passar as f\u00e9rias na cidade grande junto com o cavalo Al\u00edpio e as galinhas Zaz\u00e1 e Lilica. &#8220;Imagine um cavalo andando de escada rolante&#8221;, diz Fernando Gomes, diretor do Cocoric\u00f3. Na cidade grande, a galera conhece pessoas de tribos diferentes, como punks e emos. A nova temporada conta com novos personagens: Noel (pai de Jo\u00e3o, primo de J\u00falio), Dora (m\u00e3e de Jo\u00e3o), Rodolfo (irm\u00e3o bebezinho de Jo\u00e3o), Dorivaldo (porteiro do pr\u00e9dio onde mora Jo\u00e3o), Vit\u00f3ria (uma menina pela qual Jo\u00e3o se apaixona), o cachorro Esfarrapado e o rato Roto.<\/p>\n<p>Sucesso absoluto<\/p>\n<p>O Cocoric\u00f3 \u00e9 um dos programas infantis mais premiados da TV brasileira. Foi vencedor do 4\u00ba Festival Internacional de Cinema para Crian\u00e7as e Jovens do Pr\u00eamio Unesco, de 1997. No Brasil, ganhou o Pr\u00eamio APCA, tamb\u00e9m em 97, como melhor programa infantil de TV.<\/p>\n<p>Em 2004, foi a vez de o programa levar o 7\u00ba Festival de Cinema Infantil da Cidade de Guayana, na Venezuela, nas categorias de melhor s\u00e9rie de televis\u00e3o e melhor m\u00fasica. Em 2006, o Cocoric\u00f3 foi vencedor do 1\u00ba Festival Prix Jeunesse Ibero-americano.<\/p>\n<p>O programa j\u00e1 vendeu 800 mil DVDs e, em agosto, ser\u00e1 lan\u00e7ada a nova temporada. O Cocoric\u00f3 tamb\u00e9m j\u00e1 foi editado em livros &#8211; 1 milh\u00e3o de exemplares &#8211; pelas Editoras Globo e Melhoramentos. Mais de 500 mil produtos com personagens do programa foram vendidos.<\/p>\n<p>Ficha T\u00e9cnica<\/p>\n<p>Dire\u00e7\u00e3o: Fernando Gomes<\/p>\n<p>Roteiro: Fernando Salem, Andr\u00e9a Midori Sim\u00e3o, En\u00e9as Carlos Pereira e<\/p>\n<p>Regina Soler<\/p>\n<p>Dire\u00e7\u00e3o musical: Fernando Salem<\/p>\n<p>Elenco: Fernando Gomes, Carlota Joaquina, Eduardo Alves, Magda Crudelli,<\/p>\n<p>Neusa de Souza, Hugo Picchi, \u00c1lvaro Petersen, Enrique Serrano,<\/p>\n<p>Rubinho Louzada, Falcon Mantovani<\/p>\n<p>Realiza\u00e7\u00e3o: Funda\u00e7\u00e3o Padre Anchieta &#8211; Centro Paulista de R\u00e1dio e TV Educativas<\/p>\n<p>Dura\u00e7\u00e3o: 60 minutos<\/p>\n<p>Classifica\u00e7\u00e3o: Livre<\/p>\n","protected":false},"excerpt":{"rendered":"<p>Cocoric\u00f3, da TV Cultura, estreia no cinema no dia 18 de julho. \u00c9 a primeira vez, em 13 anos de hist\u00f3ria, que as aventuras de J\u00falio e sua turma poder\u00e3o ser acompanhadas fora da TV. Cine Cocoric\u00f3: As Aventuras na Cidade &#8211; cinco epis\u00f3dios in\u00e9ditos da nova temporada &#8211; entra em cartaz nas salas do [&hellip;]<\/p>\n","protected":false},"author":3,"featured_media":0,"comment_status":"open","ping_status":"open","sticky":false,"template":"","format":"standard","meta":{"tdm_status":"","tdm_grid_status":"","footnotes":""},"categories":[22],"tags":[],"class_list":{"0":"post-4722","1":"post","2":"type-post","3":"status-publish","4":"format-standard","6":"category-brasil"},"_links":{"self":[{"href":"https:\/\/migracao.redenoticia.com.br\/noticia\/wp-json\/wp\/v2\/posts\/4722","targetHints":{"allow":["GET"]}}],"collection":[{"href":"https:\/\/migracao.redenoticia.com.br\/noticia\/wp-json\/wp\/v2\/posts"}],"about":[{"href":"https:\/\/migracao.redenoticia.com.br\/noticia\/wp-json\/wp\/v2\/types\/post"}],"author":[{"embeddable":true,"href":"https:\/\/migracao.redenoticia.com.br\/noticia\/wp-json\/wp\/v2\/users\/3"}],"replies":[{"embeddable":true,"href":"https:\/\/migracao.redenoticia.com.br\/noticia\/wp-json\/wp\/v2\/comments?post=4722"}],"version-history":[{"count":0,"href":"https:\/\/migracao.redenoticia.com.br\/noticia\/wp-json\/wp\/v2\/posts\/4722\/revisions"}],"wp:attachment":[{"href":"https:\/\/migracao.redenoticia.com.br\/noticia\/wp-json\/wp\/v2\/media?parent=4722"}],"wp:term":[{"taxonomy":"category","embeddable":true,"href":"https:\/\/migracao.redenoticia.com.br\/noticia\/wp-json\/wp\/v2\/categories?post=4722"},{"taxonomy":"post_tag","embeddable":true,"href":"https:\/\/migracao.redenoticia.com.br\/noticia\/wp-json\/wp\/v2\/tags?post=4722"}],"curies":[{"name":"wp","href":"https:\/\/api.w.org\/{rel}","templated":true}]}}