{"id":4731,"date":"2009-07-06T11:34:41","date_gmt":"2009-07-06T15:34:41","guid":{"rendered":"http:\/\/www.redenoticia.com.br\/noticia\/?p=4731"},"modified":"2009-07-06T11:34:41","modified_gmt":"2009-07-06T15:34:41","slug":"previsao-do-tempo-no-centro-oeste-0607","status":"publish","type":"post","link":"https:\/\/migracao.redenoticia.com.br\/noticia\/2009\/previsao-do-tempo-no-centro-oeste-0607\/4731","title":{"rendered":"Previs\u00e3o do tempo no Centro Oeste (06\/07)"},"content":{"rendered":"<p>Mato Grosso lidera o ranking e j\u00e1 registrou 322 focos apenas neste m\u00eas de julho. Uma grande massa de ar seco inibe a forma\u00e7\u00e3o de nuvens e deixa o tempo ensolarado e com baixa umidade relativa do ar em todo o Centro-Oeste nesta segunda-feira. De acordo com Celso Oliveira, meteorologista da Somar, o \u00edndice de umidade dever\u00e1 chegar entre 20 e 30% da tarde de hoje em v\u00e1rias localidades. Tamb\u00e9m faz muito calor, com m\u00e1xima pr\u00f3xima de 35\u00b0C em boa parte de Mato Grosso e noroeste de Mato Grosso do Sul, em torno dos 30\u00b0C em Goi\u00e1s e dos 26\u00b0C no Distrito Federal.<\/p>\n<p>Por conta da baixa umidade e das temperaturas elevadas, as queimadas voltaram a aumentar na Regi\u00e3o. Apenas neste m\u00eas de julho j\u00e1 foram registrados 567 focos em todo o Brasil, sendo que desse total, 322 foram s\u00f3 no Estado de Mato Grosso. Neste mesmo per\u00edodo do m\u00eas passado foram registrados 387 focos de queimadas no Pa\u00eds, sendo 207 s\u00f3 no Mato Grosso.<\/p>\n<p>Segundo os meteorologistas da Somar, amanh\u00e3 uma frente fria se forma na Regi\u00e3o Sul e favorece o retorno das chuvas isoladas e com baixo acumulado no sul e sudoeste de Mato Grosso do Sul e no sudoeste de Mato Grosso. No entanto, na maior parte do Centro-Oeste o tempo permanece seco, quente e com baixa umidade do ar.<\/p>\n<p>A frente fria n\u00e3o consegue avan\u00e7ar pela Regi\u00e3o nos pr\u00f3ximos dias e por isso, as chuvas com baixo acumulado se restringem \u00e0 metade sul de Mato Grosso do Sul. Nas demais \u00e1reas do Centro-Oeste, o tempo n\u00e3o muda, permanecendo quente e com baixa umidade do ar. No leste de Goi\u00e1s e no Distrito Federal, ainda faz frio pela manh\u00e3, com m\u00ednima entre 11\u00b0C e 14\u00b0C e m\u00e1xima de apenas 23\u00b0C em Bras\u00edlia. J\u00e1 em Mato Grosso, a m\u00e1xima chega a quase 35\u00b0C.<\/p>\n","protected":false},"excerpt":{"rendered":"<p>Mato Grosso lidera o ranking e j\u00e1 registrou 322 focos apenas neste m\u00eas de julho. Uma grande massa de ar seco inibe a forma\u00e7\u00e3o de nuvens e deixa o tempo ensolarado e com baixa umidade relativa do ar em todo o Centro-Oeste nesta segunda-feira. De acordo com Celso Oliveira, meteorologista da Somar, o \u00edndice de [&hellip;]<\/p>\n","protected":false},"author":3,"featured_media":0,"comment_status":"open","ping_status":"open","sticky":false,"template":"","format":"standard","meta":{"tdm_status":"","tdm_grid_status":"","footnotes":""},"categories":[22],"tags":[],"class_list":{"0":"post-4731","1":"post","2":"type-post","3":"status-publish","4":"format-standard","6":"category-brasil"},"_links":{"self":[{"href":"https:\/\/migracao.redenoticia.com.br\/noticia\/wp-json\/wp\/v2\/posts\/4731","targetHints":{"allow":["GET"]}}],"collection":[{"href":"https:\/\/migracao.redenoticia.com.br\/noticia\/wp-json\/wp\/v2\/posts"}],"about":[{"href":"https:\/\/migracao.redenoticia.com.br\/noticia\/wp-json\/wp\/v2\/types\/post"}],"author":[{"embeddable":true,"href":"https:\/\/migracao.redenoticia.com.br\/noticia\/wp-json\/wp\/v2\/users\/3"}],"replies":[{"embeddable":true,"href":"https:\/\/migracao.redenoticia.com.br\/noticia\/wp-json\/wp\/v2\/comments?post=4731"}],"version-history":[{"count":0,"href":"https:\/\/migracao.redenoticia.com.br\/noticia\/wp-json\/wp\/v2\/posts\/4731\/revisions"}],"wp:attachment":[{"href":"https:\/\/migracao.redenoticia.com.br\/noticia\/wp-json\/wp\/v2\/media?parent=4731"}],"wp:term":[{"taxonomy":"category","embeddable":true,"href":"https:\/\/migracao.redenoticia.com.br\/noticia\/wp-json\/wp\/v2\/categories?post=4731"},{"taxonomy":"post_tag","embeddable":true,"href":"https:\/\/migracao.redenoticia.com.br\/noticia\/wp-json\/wp\/v2\/tags?post=4731"}],"curies":[{"name":"wp","href":"https:\/\/api.w.org\/{rel}","templated":true}]}}