{"id":4737,"date":"2009-07-06T12:11:50","date_gmt":"2009-07-06T16:11:50","guid":{"rendered":"http:\/\/www.redenoticia.com.br\/noticia\/?p=4737"},"modified":"2009-07-06T12:11:50","modified_gmt":"2009-07-06T16:11:50","slug":"ministro-da-saude-do-brasil-alerta-sobre-gripe-suina-h1n1-e-ferias","status":"publish","type":"post","link":"https:\/\/migracao.redenoticia.com.br\/noticia\/2009\/ministro-da-saude-do-brasil-alerta-sobre-gripe-suina-h1n1-e-ferias\/4737","title":{"rendered":"Ministro da Sa\u00fade do Brasil alerta sobre gripe suina h1n1 e f\u00e9rias"},"content":{"rendered":"<p>Estou aqui para falar com voc\u00eas sobre a Influenza A (H1N1), a nova gripe.<\/p>\n<p>Hoje, faz 72 dias que a Organiza\u00e7\u00e3o Mundial da Sa\u00fade, a OMS, anunciou os primeiros casos dessa doen\u00e7a no mundo.<\/p>\n<p>Em pouco mais de dois meses, conforme esperado, os casos se ampliaram por v\u00e1rios pa\u00edses e tamb\u00e9m cresceram, nas \u00faltimas semanas, no Brasil.<\/p>\n<p>J\u00e1 s\u00e3o mais de 100 pa\u00edses com casos confirmados da nova gripe, o que levou a OMS a declarar alerta mundial.<\/p>\n<p>Isso significa que a transmiss\u00e3o da nova gripe se espalhou pelo mundo e que os pa\u00edses devem tomar alguns cuidados, garantindo a seguran\u00e7a da popula\u00e7\u00e3o e seguindo recomenda\u00e7\u00f5es da OMS, o que o Brasil tem feito com rigor desde o in\u00edcio.<\/p>\n<p>\u00c9 muito importante que se preste aten\u00e7\u00e3o nisso: no mundo e no Brasil, hoje, a grande maioria das pessoas que pega a nova gripe tem sintomas leves e se recupera rapidamente.<\/p>\n<p>O aumento do n\u00famero de casos era esperado tamb\u00e9m porque estamos no inverno, quando crescem os casos de gripe comum.\u00a0 O clima frio e o fato de as pessoas ficarem em locais fechados facilitam a transmiss\u00e3o do v\u00edrus.<\/p>\n<p>Al\u00e9m disso, nas f\u00e9rias, as pessoas viajam mais, e temos mais gente indo e voltando de pa\u00edses onde o v\u00edrus circula livremente.<\/p>\n<p>Hoje, existem no mundo SETE PA\u00cdSES onde o v\u00edrus circula de forma disseminada. Veja quais s\u00e3o esses pa\u00edses: Estados Unidos, M\u00e9xico, Canad\u00e1, Chile, Argentina, Austr\u00e1lia e Reino Unido.<\/p>\n<p>No Brasil, por enquanto, n\u00e3o h\u00e1 evid\u00eancia de circula\u00e7\u00e3o do v\u00edrus. Os casos registrados no pa\u00eds s\u00e3o de pessoas que viajaram ao exterior ou que tiveram um contato pr\u00f3ximo com elas.<\/p>\n<p>Mas o cen\u00e1rio pode mudar, como j\u00e1 mudou em outros pa\u00edses, e estamos preparados para isso tamb\u00e9m.<\/p>\n<p>A nova gripe atingiu, at\u00e9 a \u00faltima sexta-feira, cerca de 90 mil pessoas no mundo, com 382 mortes.<\/p>\n<p>Veja como est\u00e1 a transmiss\u00e3o do novo v\u00edrus em pa\u00edses como:<\/p>\n<p>Estados Unidos \u2013 34 mil casos<br \/>\nM\u00e9xico \u2013 10 mil<br \/>\nCanad\u00e1 \u2013 8 mil<br \/>\nChile \u2013 7,5 mil<br \/>\nArgentina \u2013 1,6 mil<br \/>\nReino Unido \u2013 7,5 mil<br \/>\nAustr\u00e1lia \u2013 4,5 mil<\/p>\n<p>J\u00e1 no Brasil, tivemos cerca de 800 casos confirmados. Desse total, \u00e9 importante chamar a aten\u00e7\u00e3o, quase todos j\u00e1 foram tratados, receberam alta e voltaram \u00e0 vida normal ou est\u00e3o em processo de recupera\u00e7\u00e3o.<\/p>\n<p>\u00c9 prov\u00e1vel que o n\u00famero de infectados continue a crescer nas pr\u00f3ximas semanas no Brasil. Mas, repito: a situa\u00e7\u00e3o est\u00e1 dentro do previsto. Estamos em alerta, mas preparados, e queremos deixar todos voc\u00eas seguros e bem informados.<\/p>\n<p>O que \u00e9 importante todo mundo saber:<\/p>\n<p>&#8211; Al\u00e9m de quase todos os casos serem leves e sem complica\u00e7\u00f5es, o percentual de pessoas que pegam a nova gripe e morrem vem caindo. No in\u00edcio da nova gripe, havia um registro de 2% de mortes do total de pessoas infectadas no mundo. Esse \u00edndice caiu para 0,4% atualmente. \u00c9 uma taxa muito semelhante \u00e0 da gripe comum.<\/p>\n<p>Quero ressaltar que o governo federal, em conjunto com estados e munic\u00edpios, est\u00e1 lan\u00e7ando m\u00e3o de todos os esfor\u00e7os para conter a doen\u00e7a e, principalmente, evitar mortes.<\/p>\n<p>Estamos, 24 horas por dia, 7 dias por semana, com centros de vigil\u00e2ncia e profissionais de sa\u00fade atuando para proteger os brasileiros.<\/p>\n<p>Somente na rede p\u00fablica, temos 68 hospitais de refer\u00eancia, em todos os estados, com leitos suficientes para receber os casos graves.<\/p>\n<p>Temos estoque de medicamentos para tratar 9 milh\u00f5es de pessoas.<\/p>\n<p>Os m\u00e9dicos est\u00e3o instru\u00eddos a indicar o rem\u00e9dio a quem realmente precisa, seguindo crit\u00e9rios estabelecidos pelo Minist\u00e9rio da Sa\u00fade. Dessa forma, evitamos que o v\u00edrus crie resist\u00eancia.<\/p>\n<p>Os casos mais leves, que, repito, s\u00e3o a maioria, podem ser atendidos e orientados pelo m\u00e9dico de confian\u00e7a da fam\u00edlia ou em um posto de sa\u00fade, como j\u00e1 ocorre com pessoas que adoecem pela gripe comum.<\/p>\n<p>S\u00f3 devem ser encaminhados aos hospitais casos que realmente inspirem mais cuidados. Assim, garantimos o atendimento \u00e1gil e adequado a todos e, principalmente, a quem mais precisa.<\/p>\n<p>Se voc\u00ea tiver sintomas de gripe, como febre, tosse, dores musculares, coriza e dor de garganta, procure seu m\u00e9dico ou v\u00e1 a um posto de sa\u00fade, como j\u00e1 ocorre com a gripe comum.<\/p>\n<p>Tamb\u00e9m refor\u00e7o a necessidade de cuidados b\u00e1sicos, que devem ser incorporados ao dia a dia, como:<\/p>\n<p>&#8211; Lavar bem as m\u00e3os com frequ\u00eancia;<\/p>\n<p>&#8211; Evitar compartilhar copos, pratos, talheres, alimentos e objetos de uso pessoal;<\/p>\n<p>&#8211; Cobrir com um len\u00e7o descart\u00e1vel a boca e o nariz ao tossir ou espirrar.<\/p>\n<p>Esses cuidados simples, se inclu\u00eddos na sua rotina, reduzir\u00e3o muito os riscos de voc\u00ea pegar gripe e outras doen\u00e7as contagiosas.<\/p>\n<p>E, o que \u00e9 muito importante: n\u00e3o tome rem\u00e9dios sem consultar o seu m\u00e9dico.<\/p>\n<p>Por fim, recomendamos ainda que, se poss\u00edvel, pessoas mais vulner\u00e1veis, como crian\u00e7as, idosos, gr\u00e1vidas ou com algumas doen\u00e7as cr\u00f4nicas, adiem viagens para pa\u00edses onde o v\u00edrus circula de forma disseminada.<\/p>\n<p>Quem tiver d\u00favidas pode consultar o portal do Minist\u00e9rio da Sa\u00fade na internet (<a href=\"http:\/\/www.saude.gov.br\/\" target=\"_blank\">www.saude.gov.br<\/a>) ou ligar para o Disque Sa\u00fade (0800-61-1997).<\/p>\n<p>Minha mensagem a todos \u00e9 de tranquilidade e de confian\u00e7a. O Sistema \u00danico de Sa\u00fade est\u00e1 atento e preparado para a luta contra a nova gripe.<\/p>\n<p>Muito obrigado.<\/p>\n","protected":false},"excerpt":{"rendered":"<p>Estou aqui para falar com voc\u00eas sobre a Influenza A (H1N1), a nova gripe. Hoje, faz 72 dias que a Organiza\u00e7\u00e3o Mundial da Sa\u00fade, a OMS, anunciou os primeiros casos dessa doen\u00e7a no mundo. Em pouco mais de dois meses, conforme esperado, os casos se ampliaram por v\u00e1rios pa\u00edses e tamb\u00e9m cresceram, nas \u00faltimas semanas, [&hellip;]<\/p>\n","protected":false},"author":3,"featured_media":0,"comment_status":"open","ping_status":"open","sticky":false,"template":"","format":"standard","meta":{"tdm_status":"","tdm_grid_status":"","footnotes":""},"categories":[22,5],"tags":[],"class_list":{"0":"post-4737","1":"post","2":"type-post","3":"status-publish","4":"format-standard","6":"category-brasil","7":"category-saude-e-vida"},"_links":{"self":[{"href":"https:\/\/migracao.redenoticia.com.br\/noticia\/wp-json\/wp\/v2\/posts\/4737","targetHints":{"allow":["GET"]}}],"collection":[{"href":"https:\/\/migracao.redenoticia.com.br\/noticia\/wp-json\/wp\/v2\/posts"}],"about":[{"href":"https:\/\/migracao.redenoticia.com.br\/noticia\/wp-json\/wp\/v2\/types\/post"}],"author":[{"embeddable":true,"href":"https:\/\/migracao.redenoticia.com.br\/noticia\/wp-json\/wp\/v2\/users\/3"}],"replies":[{"embeddable":true,"href":"https:\/\/migracao.redenoticia.com.br\/noticia\/wp-json\/wp\/v2\/comments?post=4737"}],"version-history":[{"count":0,"href":"https:\/\/migracao.redenoticia.com.br\/noticia\/wp-json\/wp\/v2\/posts\/4737\/revisions"}],"wp:attachment":[{"href":"https:\/\/migracao.redenoticia.com.br\/noticia\/wp-json\/wp\/v2\/media?parent=4737"}],"wp:term":[{"taxonomy":"category","embeddable":true,"href":"https:\/\/migracao.redenoticia.com.br\/noticia\/wp-json\/wp\/v2\/categories?post=4737"},{"taxonomy":"post_tag","embeddable":true,"href":"https:\/\/migracao.redenoticia.com.br\/noticia\/wp-json\/wp\/v2\/tags?post=4737"}],"curies":[{"name":"wp","href":"https:\/\/api.w.org\/{rel}","templated":true}]}}