{"id":4750,"date":"2009-07-06T12:54:09","date_gmt":"2009-07-06T16:54:09","guid":{"rendered":"http:\/\/www.redenoticia.com.br\/noticia\/?p=4750"},"modified":"2009-07-06T12:54:09","modified_gmt":"2009-07-06T16:54:09","slug":"pl-5498-09-reforma-politica-na-pauta-do-plenario-da-camara","status":"publish","type":"post","link":"https:\/\/migracao.redenoticia.com.br\/noticia\/2009\/pl-5498-09-reforma-politica-na-pauta-do-plenario-da-camara\/4750","title":{"rendered":"PL 5498 09 reforma pol\u00edtica na pauta do plen\u00e1rio da C\u00e2mara"},"content":{"rendered":"<p>A reforma das regras eleitorais dever\u00e1 ser o destaque das vota\u00e7\u00f5es do plen\u00e1rio da C\u00e2mara dos Deputados nesta semana.<\/p>\n<p>A proposta em pauta \u00e9 o resultado de negocia\u00e7\u00e3o dos l\u00edderes com o presidente da Casa Michel Temer (PMDB\/SP).<\/p>\n<p>O PL 5.498\/09 \u00e9 o resultado de um grupo de trabalho multipartid\u00e1rio criado para analisar as propostas de mudan\u00e7as nas normas de campanha.<\/p>\n<p>Na \u00faltima quarta-feira (8), entidades da sociedade c\u00edvel entregaram uma sugest\u00e3o de projeto de lei na Comiss\u00e3o de Legisla\u00e7\u00e3o Participativa da Casa.<\/p>\n<p>A proposta \u00e9 mais abrangente e aprofunda em uma reforma pol\u00edtica que, para as entidades \u00e9 necess\u00e1ria para o avan\u00e7o da democracia.<\/p>\n<p><strong>Pauta trancada<\/strong><strong><br \/>\n<\/strong>Nas sess\u00f5es ordin\u00e1rias, o principal item a ser analisado \u00e9 a MP 462\/09, que autoriza a Uni\u00e3o a transferir R$ 1 bilh\u00e3o para o Fundo de Participa\u00e7\u00e3o dos Munic\u00edpios (FPM).<\/p>\n<p>O objetivo \u00e9 ajudar as prefeituras a enfrentarem as consequ\u00eancias da crise financeira. A medida tranca a pauta da Casa.<\/p>\n<p>Devido \u00e0 queda na arrecada\u00e7\u00e3o dos tributos federais (por causa do recuo da produ\u00e7\u00e3o industrial e de incentivos fiscais concedidos pelo Governo para estimular a economia), as prefeituras que dependem do FPM t\u00eam tido dificuldades para honrar seus compromissos.<\/p>\n<p>Isso ocorre porque o fundo \u00e9 composto por parcelas desses tributos.<\/p>\n<p>Tamb\u00e9m tranca a pauta das sess\u00f5es ordin\u00e1rias o Projeto de Lei 5.245\/09, do Executivo, que concede o B\u00f4nus Especial de Desempenho Institucional aos servidores do Departamento Nacional de Infra-Estrutura de Transportes (Dnit) pela supera\u00e7\u00e3o de metas de desempenho relacionadas a obras do Programa de Acelera\u00e7\u00e3o do Crescimento (PAC) acompanhadas pelo \u00f3rg\u00e3o.<\/p>\n<p><a href=\"http:\/\/www.diap.org.br\/index.php\/agencia-diap\" target=\"_blank\">Ag\u00eancia DIAP <\/a><\/p>\n","protected":false},"excerpt":{"rendered":"<p>A reforma das regras eleitorais dever\u00e1 ser o destaque das vota\u00e7\u00f5es do plen\u00e1rio da C\u00e2mara dos Deputados nesta semana. A proposta em pauta \u00e9 o resultado de negocia\u00e7\u00e3o dos l\u00edderes com o presidente da Casa Michel Temer (PMDB\/SP). O PL 5.498\/09 \u00e9 o resultado de um grupo de trabalho multipartid\u00e1rio criado para analisar as propostas [&hellip;]<\/p>\n","protected":false},"author":3,"featured_media":0,"comment_status":"open","ping_status":"open","sticky":false,"template":"","format":"standard","meta":{"tdm_status":"","tdm_grid_status":"","footnotes":""},"categories":[22,7],"tags":[],"class_list":{"0":"post-4750","1":"post","2":"type-post","3":"status-publish","4":"format-standard","6":"category-brasil","7":"category-economia"},"_links":{"self":[{"href":"https:\/\/migracao.redenoticia.com.br\/noticia\/wp-json\/wp\/v2\/posts\/4750","targetHints":{"allow":["GET"]}}],"collection":[{"href":"https:\/\/migracao.redenoticia.com.br\/noticia\/wp-json\/wp\/v2\/posts"}],"about":[{"href":"https:\/\/migracao.redenoticia.com.br\/noticia\/wp-json\/wp\/v2\/types\/post"}],"author":[{"embeddable":true,"href":"https:\/\/migracao.redenoticia.com.br\/noticia\/wp-json\/wp\/v2\/users\/3"}],"replies":[{"embeddable":true,"href":"https:\/\/migracao.redenoticia.com.br\/noticia\/wp-json\/wp\/v2\/comments?post=4750"}],"version-history":[{"count":0,"href":"https:\/\/migracao.redenoticia.com.br\/noticia\/wp-json\/wp\/v2\/posts\/4750\/revisions"}],"wp:attachment":[{"href":"https:\/\/migracao.redenoticia.com.br\/noticia\/wp-json\/wp\/v2\/media?parent=4750"}],"wp:term":[{"taxonomy":"category","embeddable":true,"href":"https:\/\/migracao.redenoticia.com.br\/noticia\/wp-json\/wp\/v2\/categories?post=4750"},{"taxonomy":"post_tag","embeddable":true,"href":"https:\/\/migracao.redenoticia.com.br\/noticia\/wp-json\/wp\/v2\/tags?post=4750"}],"curies":[{"name":"wp","href":"https:\/\/api.w.org\/{rel}","templated":true}]}}