{"id":4754,"date":"2009-07-06T12:59:04","date_gmt":"2009-07-06T16:59:04","guid":{"rendered":"http:\/\/www.redenoticia.com.br\/noticia\/?p=4754"},"modified":"2009-07-27T02:10:46","modified_gmt":"2009-07-27T02:10:46","slug":"clima-tempo-na-grande-sao-paulo-0607","status":"publish","type":"post","link":"https:\/\/migracao.redenoticia.com.br\/noticia\/2009\/clima-tempo-na-grande-sao-paulo-0607\/4754","title":{"rendered":"Clima tempo na Grande S\u00e3o Paulo (06\/07)"},"content":{"rendered":"<p>Segundo a Clima tempo s\u00f3 a partir de quinta-feira aumentam as condi\u00e7\u00f5es de chuva. Nova frente fria fecha o tempo no fim de semana<\/p>\n<p>A segunda-feira amanheceu com muita n\u00e9voa na grande S\u00e3o Paulo, devido a alta umidade e ao resfriamento da madrugada. Aos poucos o sol apareceu. N\u00e3o h\u00e1 previs\u00e3o de chuva, devido ao predom\u00ednio de uma massa de ar seco. De acordo com os meteorologistas da Climatempo, a temperatura n\u00e3o sobe muito hoje. A m\u00e1xima prevista para a capital \u00e9 de 23\u00baC. Por causa da falta de chuva e de vento, a qualidade do ar fica prejudicada e a umidade relativa do ar fica em torno de 20 e 30%.<\/p>\n<p>Amanh\u00e3 e na quarta-feira, toda grande S\u00e3o Paulo, o litoral, os vales do Para\u00edba e do Ribeira e a regi\u00e3o da Mantiqueira amanhecem com n\u00e9voa e com nevoeiro. Ao longo da manh\u00e3, o esses fen\u00f4menos se dissipam e d\u00e3o lugar ao sol forte. Novamente a qualidade do ar fica prejudicada. O dom\u00ednio da massa de ar seco sobre a regi\u00e3o impede que nuvens de chuva se formem sobre o Estado de S\u00e3o Paulo. Nestes dias secos, se torna mais dif\u00edcil a dispers\u00e3o dos poluentes.<\/p>\n<p>Previs\u00e3o para o feriado de 9 de Julho<\/p>\n<p>Na quinta-feira \u00e9 feriado no Estado de S\u00e3o Paulo. A popula\u00e7\u00e3o lembra neste dia a Revolu\u00e7\u00e3o Constitucionalista de 1932. Segundo os meteorologistas da Climatempo, ao longo do dia o sol aparece forte, mas \u00e0 noite o tempo muda, com a chegada de uma nova frente fria. H\u00e1 previs\u00e3o inclusive de chuva. Na sexta-feira, as condi\u00e7\u00f5es de chuva se mant\u00eam principalmente \u00e0 tarde e \u00e0 noite na capital e no litoral. No fim de semana, o tempo muda de vez. No s\u00e1bado o dia amanhece com c\u00e9u nublado e chuva. A temperatura cai bastante.<\/p>\n<p>Sobre o Grupo Climatempo<\/p>\n<p>O Grupo Climatempo \u00e9 a maior empresa privada de meteorologia do pa\u00eds. Uma holding formada pela Climatempo Consultoria, Ag\u00eancia Climatempo, a TV Climatempo e a CLIMANET (Internet, servi\u00e7os de tecnologia e inform\u00e1tica). Atualmente, o Grupo Climatempo fornece conte\u00fado para os principais portais do pa\u00eds, mais de 50 retransmissoras de televis\u00e3o do Brasil e tem cerca de mil clientes. Os dois principais segmentos atendidos s\u00e3o o de agroneg\u00f3cios e meios de comunica\u00e7\u00e3o. Al\u00e9m destes, fornece conte\u00fado meteorol\u00f3gico estrat\u00e9gico para produtoras, a ind\u00fastria eletroeletr\u00f4nica e t\u00eaxtil, com\u00e9rcio, moda e turismo, entre outros setores.<\/p>\n","protected":false},"excerpt":{"rendered":"<p>Segundo a Clima tempo s\u00f3 a partir de quinta-feira aumentam as condi\u00e7\u00f5es de chuva. Nova frente fria fecha o tempo no fim de semana A segunda-feira amanheceu com muita n\u00e9voa na grande S\u00e3o Paulo, devido a alta umidade e ao resfriamento da madrugada. Aos poucos o sol apareceu. N\u00e3o h\u00e1 previs\u00e3o de chuva, devido ao [&hellip;]<\/p>\n","protected":false},"author":3,"featured_media":0,"comment_status":"open","ping_status":"open","sticky":false,"template":"","format":"standard","meta":{"tdm_status":"","tdm_grid_status":"","footnotes":""},"categories":[22,327],"tags":[],"class_list":{"0":"post-4754","1":"post","2":"type-post","3":"status-publish","4":"format-standard","6":"category-brasil","7":"category-clima"},"_links":{"self":[{"href":"https:\/\/migracao.redenoticia.com.br\/noticia\/wp-json\/wp\/v2\/posts\/4754","targetHints":{"allow":["GET"]}}],"collection":[{"href":"https:\/\/migracao.redenoticia.com.br\/noticia\/wp-json\/wp\/v2\/posts"}],"about":[{"href":"https:\/\/migracao.redenoticia.com.br\/noticia\/wp-json\/wp\/v2\/types\/post"}],"author":[{"embeddable":true,"href":"https:\/\/migracao.redenoticia.com.br\/noticia\/wp-json\/wp\/v2\/users\/3"}],"replies":[{"embeddable":true,"href":"https:\/\/migracao.redenoticia.com.br\/noticia\/wp-json\/wp\/v2\/comments?post=4754"}],"version-history":[{"count":0,"href":"https:\/\/migracao.redenoticia.com.br\/noticia\/wp-json\/wp\/v2\/posts\/4754\/revisions"}],"wp:attachment":[{"href":"https:\/\/migracao.redenoticia.com.br\/noticia\/wp-json\/wp\/v2\/media?parent=4754"}],"wp:term":[{"taxonomy":"category","embeddable":true,"href":"https:\/\/migracao.redenoticia.com.br\/noticia\/wp-json\/wp\/v2\/categories?post=4754"},{"taxonomy":"post_tag","embeddable":true,"href":"https:\/\/migracao.redenoticia.com.br\/noticia\/wp-json\/wp\/v2\/tags?post=4754"}],"curies":[{"name":"wp","href":"https:\/\/api.w.org\/{rel}","templated":true}]}}