{"id":4758,"date":"2009-07-06T14:28:51","date_gmt":"2009-07-06T18:28:51","guid":{"rendered":"http:\/\/www.redenoticia.com.br\/noticia\/?p=4758"},"modified":"2009-08-05T00:36:03","modified_gmt":"2009-08-05T04:36:03","slug":"a-fazenda-e-destaque-de-audiencia-junto-com-varios-programas-da-record","status":"publish","type":"post","link":"https:\/\/migracao.redenoticia.com.br\/noticia\/2009\/a-fazenda-e-destaque-de-audiencia-junto-com-varios-programas-da-record\/4758","title":{"rendered":"A Fazenda \u00e9 destaque de audi\u00eancia junto com v\u00e1rios programas da RECORD"},"content":{"rendered":"<p>A Fazenda registra pico de 22 pontos com a elimina\u00e7\u00e3o de Miro Moreira. O programa exibido ontem (05\/07) marcou 15 pontos de m\u00e9dia, 22 de pico e 24% de share, na faixa das 21h40 \u00e0s 23h40. Domingo foi de dia de elimina\u00e7\u00e3o, e quem pegou a estrada de volta para casa foi Miro Moreira. O programa ainda ficou por 29 minutos na lideran\u00e7a e na m\u00e9dia geral garantiu o segundo lugar isolado no ranking das audi\u00eancias.<\/p>\n<p>No s\u00e1bado, dia 04, o reality show marcou 11 pontos de m\u00e9dia, 15 de pico e 20% de share, na faixa das 21h30 \u00e0s 22h50. Novamente, A Fazenda consolidou a vice-lideran\u00e7a isolada no ranking das audi\u00eancias.<\/p>\n<p>CSI Las Vegas durante 19 minutos na lideran\u00e7a<\/p>\n<p>A s\u00e9rie CSI Las Vegas deixou a Record com 8 pontos de m\u00e9dia, 9 de pico e 24% de share, na \u00faltima sexta-feira (03\/07). O hor\u00e1rio de exibi\u00e7\u00e3o da s\u00e9rie foi da 00h37 \u00e0 01h19. O epis\u00f3dio exibido foi &#8220;4&#215;4&#8221;, da quinta temporada. CSI Las Vegas fechou o m\u00eas de junho com 7 pontos de m\u00e9dia e 24% de share.<\/p>\n<p>50 por 1 com \u00c1lvaro Garnero consolida 8 pontos de pico<\/p>\n<p>Neste s\u00e1bado, o programa 50 por 1 registrou boa audi\u00eancia com 6 pontos de m\u00e9dia, pico de 8 e share de 13%, resultado que garantiu o segundo lugar isolado em sua faixa de exibi\u00e7\u00e3o, de 00h10 \u00e0s 00h45. A atra\u00e7\u00e3o mostrou as aventuras, curiosidades e belezas do interior do Rio Grande do Sul.<\/p>\n<p>O Melhor do Brasil garante o segundo lugar isolado de audi\u00eancia<\/p>\n<p>O programa exibido no s\u00e1bado (04\/07), sob comando de Rodrigo Faro, ficou em segundo lugar isolado no ranking de audi\u00eancia, com 9 pontos de m\u00e9dia, 13 de pico e 17% de share, na faixa das 17h \u00e0s 20h31. O quadro Lavando Roupa Suja com Fabio Arruda, exibido das 18h51 \u00e0s 19h31, registrou m\u00e9dia de 11 pontos, pico de 12 e 19% de share.<\/p>\n<p>Show do Tom conquista segundo lugar absoluto de audi\u00eancia com O Curral<\/p>\n<p>O Show do Tom exibido no s\u00e1bado, dia 04\/07, conquistou \u00f3tima audi\u00eancia com &#8220;O Curral&#8221;, s\u00e1tira ao reality show &#8220;A Fazenda&#8221;. Exibido das 22h50 \u00e0 00h10, o humor\u00edstico registrou 10 pontos de m\u00e9dia, pico de 14 e share de 21%, garantindo \u00e0 Record o segundo lugar isolado no ranking de audi\u00eancia. No quadro, Tom Cavalcante vive o apresentador Cabritto Jr. A cada semana, um dos participantes de &#8220;O Curral&#8221; \u00e9 mandado para &#8220;a fossa&#8221; e eliminado do programa.<\/p>\n<p>C\u00e2mera Record registra 12 pontos e conquista o primeiro lugar<\/p>\n<p>Na noite da \u00faltima sexta-feira (03\/07) o jornal\u00edstico tem\u00e1tico da Record apresentado por Marcos Hummel novamente incomodou a concorr\u00eancia e conquistou o primeiro lugar no ranking de audi\u00eancias durante 17 minutos.<\/p>\n<p>No hor\u00e1rio em que foi ao ar, das 23h27 \u00e0 0h37, o C\u00e2mera Record marcou 10 pontos de m\u00e9dia, 22% de share e 12 pontos de pico.<\/p>\n<p>O jornal\u00edstico apresentou os problemas das pragas urbanas.<\/p>\n<p>Fala Brasil alcan\u00e7a a lideran\u00e7a durante 10 minutos<\/p>\n<p>Apresentado por Carla Cecato e Roberta Piza, o jornal\u00edstico exibido na manh\u00e3 da \u00faltima sexta-feira (03\/07) conquistou, durante 10 minutos, a lideran\u00e7a no ranking de audi\u00eancias. No hor\u00e1rio de exibi\u00e7\u00e3o, das 8h30 \u00e0s 9h29, o Fala Brasil marcou 7 pontos de m\u00e9dia, 24% de share e 8 pontos de pico.<\/p>\n<p>Domingo Espetacular alcan\u00e7a 18 pontos e conquista o segundo lugar isolado<\/p>\n<p>No \u00faltimo domingo (05\/07) a revista eletr\u00f4nica da Record estreou o novo cen\u00e1rio e conquistou o segundo lugar isolado no ranking de audi\u00eancias. No hor\u00e1rio em que foi ao ar, das 17h14 \u00e0s 20h44, o Domingo Espetacular marcou 12 pontos de m\u00e9dia, 21% de share e 18 pontos de pico.<\/p>\n<p>Rep\u00f3rter Record registra 16 pontos<\/p>\n<p>O programa jornal\u00edstico especializado em mat\u00e9rias investigativas comandado por Roberto Cabrini exibido neste domingo (05\/07) novamente registrou excelentes n\u00fameros no ranking de audi\u00eancias e conquistou o segundo lugar isolado. No hor\u00e1rio em que foi ao ar, das 20h44 \u00e0s 21h40, o Rep\u00f3rter Record marcou 12 pontos de m\u00e9dia, 18% de share 16 pontos de pico.<\/p>\n<p>O Rep\u00f3rter Record mostrou a verdadeira hist\u00f3ria do brasileiro Jean Charles.<\/p>\n<p>Promessas de Amor conquista o segundo lugar isolado no ranking de audi\u00eancias<\/p>\n<p>A novela, exibida sexta-feira (03\/07) das 20h41 \u00e0s 21h41, garantiu o segundo lugar isolado para a Record, com 8 pontos de m\u00e9dia, 10 de pico e 12% de share. &#8220;Promessas de Amor&#8221; \u00e9 escrita por Tiago Santiago e dirigida por Alexandre Avancini.<\/p>\n<p>Poder Paralelo garante 12 pontos de pico<\/p>\n<p>No cap\u00edtulo que foi ao ar sexta-feira (03\/07), a novela conquistou 9 pontos de m\u00e9dia, pico de 12 e share de 16%. A trama, escrita por Lauro Cesar Muniz e dirigida por Ign\u00e1cio Coqueiro, foi exibida das 22h23 \u00e0s 23h22.<\/p>\n<p>Record Kids fica durante 7 minutos na lideran\u00e7a<\/p>\n<p>O Record Kids registrou 5 pontos de m\u00e9dia, 8 de pico e 18% de share, na manh\u00e3 deste domingo (05\/07). A atra\u00e7\u00e3o deixou a Record durante 7 minutos em primeiro lugar de audi\u00eancia. O hor\u00e1rio de exibi\u00e7\u00e3o foi das 08h \u00e0s 11h40. Os desenhos exibidos foram Pica-Pau e Popeye.<\/p>\n<p>Tela M\u00e1xima fica com boa audi\u00eancia<\/p>\n<p>O filme &#8220;The Rock &#8211; O Justiceiro&#8221;, exibido na Tela M\u00e1xima deste domingo (05\/07), deixou a Record com 9 pontos de m\u00e9dia, 13 de pico e 22% de share, das 23h40 \u00e0 01h07. A atra\u00e7\u00e3o deixou a Record isolada em segundo lugar de audi\u00eancia.<\/p>\n<p>Fonte: Ibope MW GSP dados domiciliares (Os \u00edndices apresentados s\u00e3o n\u00fameros consolidados, destacando o patamar de audi\u00eancia sem casa decimal).<\/p>\n","protected":false},"excerpt":{"rendered":"<p>A Fazenda registra pico de 22 pontos com a elimina\u00e7\u00e3o de Miro Moreira. O programa exibido ontem (05\/07) marcou 15 pontos de m\u00e9dia, 22 de pico e 24% de share, na faixa das 21h40 \u00e0s 23h40. Domingo foi de dia de elimina\u00e7\u00e3o, e quem pegou a estrada de volta para casa foi Miro Moreira. O [&hellip;]<\/p>\n","protected":false},"author":3,"featured_media":0,"comment_status":"open","ping_status":"open","sticky":false,"template":"","format":"standard","meta":{"tdm_status":"","tdm_grid_status":"","footnotes":""},"categories":[22,343],"tags":[],"class_list":{"0":"post-4758","1":"post","2":"type-post","3":"status-publish","4":"format-standard","6":"category-brasil","7":"category-televisao"},"_links":{"self":[{"href":"https:\/\/migracao.redenoticia.com.br\/noticia\/wp-json\/wp\/v2\/posts\/4758","targetHints":{"allow":["GET"]}}],"collection":[{"href":"https:\/\/migracao.redenoticia.com.br\/noticia\/wp-json\/wp\/v2\/posts"}],"about":[{"href":"https:\/\/migracao.redenoticia.com.br\/noticia\/wp-json\/wp\/v2\/types\/post"}],"author":[{"embeddable":true,"href":"https:\/\/migracao.redenoticia.com.br\/noticia\/wp-json\/wp\/v2\/users\/3"}],"replies":[{"embeddable":true,"href":"https:\/\/migracao.redenoticia.com.br\/noticia\/wp-json\/wp\/v2\/comments?post=4758"}],"version-history":[{"count":0,"href":"https:\/\/migracao.redenoticia.com.br\/noticia\/wp-json\/wp\/v2\/posts\/4758\/revisions"}],"wp:attachment":[{"href":"https:\/\/migracao.redenoticia.com.br\/noticia\/wp-json\/wp\/v2\/media?parent=4758"}],"wp:term":[{"taxonomy":"category","embeddable":true,"href":"https:\/\/migracao.redenoticia.com.br\/noticia\/wp-json\/wp\/v2\/categories?post=4758"},{"taxonomy":"post_tag","embeddable":true,"href":"https:\/\/migracao.redenoticia.com.br\/noticia\/wp-json\/wp\/v2\/tags?post=4758"}],"curies":[{"name":"wp","href":"https:\/\/api.w.org\/{rel}","templated":true}]}}