{"id":47596,"date":"2013-09-19T15:04:34","date_gmt":"2013-09-19T18:04:34","guid":{"rendered":"http:\/\/www.redenoticia.com.br\/noticia\/?p=47596"},"modified":"2013-09-19T15:04:34","modified_gmt":"2013-09-19T18:04:34","slug":"concurso-do-trt-da-17a-regiao-oferece-vagas-para-niveis-medio-e-superior","status":"publish","type":"post","link":"https:\/\/migracao.redenoticia.com.br\/noticia\/2013\/concurso-do-trt-da-17a-regiao-oferece-vagas-para-niveis-medio-e-superior\/47596","title":{"rendered":"Concurso do TRT da 17\u00aa Regi\u00e3o oferece vagas para n\u00edveis m\u00e9dio e superior"},"content":{"rendered":"<p>O Tribunal Regional do Trabalho da 17\u00aa Regi\u00e3o, com jurisdi\u00e7\u00e3o no Esp\u00edrito Santo (ES), divulgou edital do <em><strong>concurso p\u00fablico<\/strong><\/em> para provimento de 23 vagas nos cargos de Analista Judici\u00e1rio e T\u00e9cnico Judici\u00e1rio. Uma delas \u00e9 exclusiva para candidatos com defici\u00eancia. Haver\u00e1, ainda, a forma\u00e7\u00e3o de cadastro de reserva.<\/p>\n<p>REQUISITOS \u2013\u00a0As oportunidades para n\u00edvel superior s\u00e3o divididas nas \u00e1reas Administrativa, Judici\u00e1ria e de Apoio Especializado, com diversas especialidades: Contabilidade, Arquivologia, Biblioteconomia, Engenharia Civil, Engenharia El\u00e9trica, Estat\u00edstica, Medicina, Psicologia, Tecnologia da Informa\u00e7\u00e3o e Oficial de Justi\u00e7a Avaliador Federal. A remunera\u00e7\u00e3o para Analista Judici\u00e1rio varia entre R$ 7.566,42 e R$ 9.188,20.<\/p>\n<p>J\u00e1 para n\u00edvel m\u00e9dio, as chances s\u00e3o para as \u00e1reas Administrativa e de Apoio Especializado \u2013 Tecnologia da Informa\u00e7\u00e3o. Ambas as oportunidades t\u00eam remunera\u00e7\u00e3o de R$ 4.635,03.<\/p>\n<p>As inscri\u00e7\u00f5es podem ser feitas entre os dias 26 de setembro e 17 de outubro, somente pelo\u00a0site<a href=\"http:\/\/www.cespe.unb.br\/concursos\/trt17_13\" target=\"_blank\">www.cespe.unb.br\/concursos\/trt17_13<\/a>. A taxa \u00e9 R$ 80,00 para Analista e R$ 60,00 para T\u00e9cnico.<\/p>\n<p>A sele\u00e7\u00e3o compreender\u00e1 provas objetivas, para todos os cargos, e prova discursiva, somente para as vagas que requerem n\u00edvel superior. As avalia\u00e7\u00f5es e a per\u00edcia m\u00e9dica dos candidatos que se declararam com defici\u00eancia ser\u00e3o realizadas em Vit\u00f3ria (ES). As provas ser\u00e3o aplicadas na data prov\u00e1vel de 15 de dezembro.<\/p>\n<p>Os interessados em concorrer a qualquer uma das vagas devem observar os requisitos de cada cargo, listados no edital de abertura.<\/p>\n<p>SERVI\u00c7O<br \/>\nConcurso:\u00a0Tribunal Regional do Trabalho da 17\u00aa Regi\u00e3o<br \/>\nCargos:\u00a0Analista Judici\u00e1rio e T\u00e9cnico Judici\u00e1rio<br \/>\nVagas:\u00a023 vagas e forma\u00e7\u00e3o de cadastro de reserva<br \/>\nRemunera\u00e7\u00f5es:\u00a0entre R$ 7.566,42 e R$ 9.188,20, para Analista, e R$ 4.635,03, para T\u00e9cnico<br \/>\nInscri\u00e7\u00f5es:\u00a0entre os dias 26 de setembro e 17 de outubro<br \/>\nTaxas:\u00a0R$ 80,00 (Analista) e R$ 60,00 (T\u00e9cnico)<br \/>\nProvas objetivas e prova discursiva:\u00a015 de dezembro<\/p>\n<p>CONTATO<br \/>\nOutras informa\u00e7\u00f5es no\u00a0site\u00a0<a href=\"http:\/\/www.cespe.unb.br\/concursos\/trt17_13\" target=\"_blank\">www.cespe.unb.br\/concursos\/trt17_13<\/a>\u00a0ou na Central de Atendimento do Cespe\/UnB, de segunda a sexta, das 8h \u00e0s 19h \u2013 Campus Universit\u00e1rio Darcy Ribeiro, Sede do Cespe\/UnB \u2013 (61) 3448 0100.<\/p>\n","protected":false},"excerpt":{"rendered":"<p>O Tribunal Regional do Trabalho da 17\u00aa Regi\u00e3o, com jurisdi\u00e7\u00e3o no Esp\u00edrito Santo (ES), divulgou edital do concurso p\u00fablico para provimento de 23 vagas nos cargos de Analista Judici\u00e1rio e T\u00e9cnico Judici\u00e1rio. Uma delas \u00e9 exclusiva para candidatos com defici\u00eancia. Haver\u00e1, ainda, a forma\u00e7\u00e3o de cadastro de reserva. REQUISITOS \u2013\u00a0As oportunidades para n\u00edvel superior s\u00e3o [&hellip;]<\/p>\n","protected":false},"author":2,"featured_media":28974,"comment_status":"open","ping_status":"closed","sticky":false,"template":"","format":"standard","meta":{"tdm_status":"","tdm_grid_status":"","footnotes":""},"categories":[22,352,370],"tags":[],"class_list":{"0":"post-47596","1":"post","2":"type-post","3":"status-publish","4":"format-standard","5":"has-post-thumbnail","7":"category-brasil","8":"category-concursos","9":"category-inscricao"},"_links":{"self":[{"href":"https:\/\/migracao.redenoticia.com.br\/noticia\/wp-json\/wp\/v2\/posts\/47596","targetHints":{"allow":["GET"]}}],"collection":[{"href":"https:\/\/migracao.redenoticia.com.br\/noticia\/wp-json\/wp\/v2\/posts"}],"about":[{"href":"https:\/\/migracao.redenoticia.com.br\/noticia\/wp-json\/wp\/v2\/types\/post"}],"author":[{"embeddable":true,"href":"https:\/\/migracao.redenoticia.com.br\/noticia\/wp-json\/wp\/v2\/users\/2"}],"replies":[{"embeddable":true,"href":"https:\/\/migracao.redenoticia.com.br\/noticia\/wp-json\/wp\/v2\/comments?post=47596"}],"version-history":[{"count":0,"href":"https:\/\/migracao.redenoticia.com.br\/noticia\/wp-json\/wp\/v2\/posts\/47596\/revisions"}],"wp:featuredmedia":[{"embeddable":true,"href":"https:\/\/migracao.redenoticia.com.br\/noticia\/wp-json\/wp\/v2\/media\/28974"}],"wp:attachment":[{"href":"https:\/\/migracao.redenoticia.com.br\/noticia\/wp-json\/wp\/v2\/media?parent=47596"}],"wp:term":[{"taxonomy":"category","embeddable":true,"href":"https:\/\/migracao.redenoticia.com.br\/noticia\/wp-json\/wp\/v2\/categories?post=47596"},{"taxonomy":"post_tag","embeddable":true,"href":"https:\/\/migracao.redenoticia.com.br\/noticia\/wp-json\/wp\/v2\/tags?post=47596"}],"curies":[{"name":"wp","href":"https:\/\/api.w.org\/{rel}","templated":true}]}}