{"id":47623,"date":"2013-09-21T23:07:48","date_gmt":"2013-09-22T02:07:48","guid":{"rendered":"http:\/\/www.redenoticia.com.br\/noticia\/?p=47623"},"modified":"2013-09-21T23:11:55","modified_gmt":"2013-09-22T02:11:55","slug":"a-fazenda-votacao-em-barbara-gominho-e-yani-movimenta-as-enquetes","status":"publish","type":"post","link":"https:\/\/migracao.redenoticia.com.br\/noticia\/2013\/a-fazenda-votacao-em-barbara-gominho-e-yani-movimenta-as-enquetes\/47623","title":{"rendered":"A Fazenda \u2013 vota\u00e7\u00e3o em B\u00e1rbara, Gominho e Yani movimentou as enquetes"},"content":{"rendered":"<p><em><strong><a href=\"https:\/\/migracao.redenoticia.com.br\/noticia\/imagens\/a-fazenda.jpg\"><img loading=\"lazy\" decoding=\"async\" class=\"alignleft size-medium wp-image-17419\" alt=\"a fazenda\" src=\"https:\/\/migracao.redenoticia.com.br\/noticia\/imagens\/a-fazenda-250x160.jpg\" width=\"250\" height=\"160\" srcset=\"https:\/\/migracao.redenoticia.com.br\/noticia\/imagens\/a-fazenda-250x160.jpg 250w, https:\/\/migracao.redenoticia.com.br\/noticia\/imagens\/a-fazenda-150x96.jpg 150w, https:\/\/migracao.redenoticia.com.br\/noticia\/imagens\/a-fazenda.jpg 300w\" sizes=\"auto, (max-width: 250px) 100vw, 250px\" \/><\/a>A Fazenda<\/strong>\u00a0<\/em>&#8211; na noite deste s\u00e1bado, 21\/09, B\u00e1rbara e Gominho\u00a0receberam a maioria dos votos v\u00e1lidos para permanecerem no programa A Fazenda.\u00a0Yani\u00a0\u00a0recebeu apenas 10% dos votos e foi eliminada desta temporada. A ro\u00e7a come\u00e7ou\u00a0na\u00a0noite de quinta-feira (19\/09). A Fazendeira da Semana, Denise Rocha, estava imunizada e indicou Yani de Simone\u00a0para ocupar a primeira de tr\u00eas vagas desta ro\u00e7a. Depois aconteceu uma prova surpresa entre Gominho, Mateus Verdelho\u00a0e B\u00e1rbara Evans. Eles tiveram que manter bolas equilibradas em estruturas montadas no campo de provas. Marcos Oliver n\u00e3o participou por estar imune at\u00e9 o final do programa. Mateus\u00a0venceu o desafio. B\u00e1rbara\u00a0e\u00a0Gominho\u00a0tamb\u00e9m foram parar na ro\u00e7a. B\u00e1rbara, Gominho e\u00a0Yani\u00a0disputaram a prefer\u00eancia do p\u00fablico para continuarem em A Fazenda. A disputa na\u00a0<em><strong>vota\u00e7\u00e3o<\/strong><\/em>\u00a0da <strong><em>enquete<\/em><\/strong> de diversos portais come\u00e7ou acirrada. Na\u00a0enquete UOL:<br \/>\n&#8211; 20\/09, 00h52, 56 % B\u00e1rbara, 36 % Gominho, 8 % Yani.<br \/>\n&#8211; 20\/09, 10h47, 50 % B\u00e1rbara, 32 % Gominho, 18 % Yani.<br \/>\n&#8211; 21\/09, 00h52, 50 % B\u00e1rbara, 34 % Gominho, 16 % Yani.<\/p>\n<p>O voto v\u00e1lido foi registrado no portal oficial do programa A Fazenda Rede Record.<\/p>\n<p>A elimina\u00e7\u00e3o aconteceu na noite de s\u00e1bado, 21\/09.<\/p>\n<p>Rede Record A Fazenda<\/p>\n<p>A Fazenda \u00e9 a vers\u00e3o brasileira do programa The Farm, sucesso em mais de 40 pa\u00edses e que chega transformado numa superprodu\u00e7\u00e3o de mais de R$ 20 milh\u00f5es na tela da Record. O reality show mostra um lado desconhecido de 16 famosos \u2014 entre atores, cantores, modelos e personalidades da m\u00eddia \u2014 que ter\u00e3o sua habilidade (ou a absoluta falta dela) testada em tarefas t\u00edpicas do meio rural.<\/p>\n","protected":false},"excerpt":{"rendered":"<p>A Fazenda\u00a0&#8211; na noite deste s\u00e1bado, 21\/09, B\u00e1rbara e Gominho\u00a0receberam a maioria dos votos v\u00e1lidos para permanecerem no programa A Fazenda.\u00a0Yani\u00a0\u00a0recebeu apenas 10% dos votos e foi eliminada desta temporada. A ro\u00e7a come\u00e7ou\u00a0na\u00a0noite de quinta-feira (19\/09). A Fazendeira da Semana, Denise Rocha, estava imunizada e indicou Yani de Simone\u00a0para ocupar a primeira de tr\u00eas vagas [&hellip;]<\/p>\n","protected":false},"author":2,"featured_media":17419,"comment_status":"open","ping_status":"closed","sticky":false,"template":"","format":"standard","meta":{"tdm_status":"","tdm_grid_status":"","footnotes":""},"categories":[406,371,343],"tags":[],"class_list":{"0":"post-47623","1":"post","2":"type-post","3":"status-publish","4":"format-standard","5":"has-post-thumbnail","7":"category-a-fazenda","8":"category-rede-record","9":"category-televisao"},"_links":{"self":[{"href":"https:\/\/migracao.redenoticia.com.br\/noticia\/wp-json\/wp\/v2\/posts\/47623","targetHints":{"allow":["GET"]}}],"collection":[{"href":"https:\/\/migracao.redenoticia.com.br\/noticia\/wp-json\/wp\/v2\/posts"}],"about":[{"href":"https:\/\/migracao.redenoticia.com.br\/noticia\/wp-json\/wp\/v2\/types\/post"}],"author":[{"embeddable":true,"href":"https:\/\/migracao.redenoticia.com.br\/noticia\/wp-json\/wp\/v2\/users\/2"}],"replies":[{"embeddable":true,"href":"https:\/\/migracao.redenoticia.com.br\/noticia\/wp-json\/wp\/v2\/comments?post=47623"}],"version-history":[{"count":0,"href":"https:\/\/migracao.redenoticia.com.br\/noticia\/wp-json\/wp\/v2\/posts\/47623\/revisions"}],"wp:featuredmedia":[{"embeddable":true,"href":"https:\/\/migracao.redenoticia.com.br\/noticia\/wp-json\/wp\/v2\/media\/17419"}],"wp:attachment":[{"href":"https:\/\/migracao.redenoticia.com.br\/noticia\/wp-json\/wp\/v2\/media?parent=47623"}],"wp:term":[{"taxonomy":"category","embeddable":true,"href":"https:\/\/migracao.redenoticia.com.br\/noticia\/wp-json\/wp\/v2\/categories?post=47623"},{"taxonomy":"post_tag","embeddable":true,"href":"https:\/\/migracao.redenoticia.com.br\/noticia\/wp-json\/wp\/v2\/tags?post=47623"}],"curies":[{"name":"wp","href":"https:\/\/api.w.org\/{rel}","templated":true}]}}