{"id":4767,"date":"2009-07-06T17:18:12","date_gmt":"2009-07-06T21:18:12","guid":{"rendered":"http:\/\/www.redenoticia.com.br\/noticia\/?p=4767"},"modified":"2009-08-07T15:42:58","modified_gmt":"2009-08-07T19:42:58","slug":"ministro-da-saude-do-brasil-alerta-sobre-gripe-suina-h1n1-e-ferias-2","status":"publish","type":"post","link":"https:\/\/migracao.redenoticia.com.br\/noticia\/2009\/ministro-da-saude-do-brasil-alerta-sobre-gripe-suina-h1n1-e-ferias-2\/4767","title":{"rendered":"Ministro da Sa\u00fade do Brasil alerta sobre gripe suina h1n1 e f\u00e9rias"},"content":{"rendered":"<p style=\"margin-top: 6pt; margin-right: 0cm; margin-bottom: 0pt; margin-left: 0cm;\"><span style=\"font-family: Arial;\"><span style=\"font-size: 12pt; line-height: 24px;\">O Minist\u00e9rio da Sa\u00fade fechou parceria com a Pol\u00edcia Rodovi\u00e1ria Federal para divulgar material informativo sobre o v\u00edrus Influenza A (H1N1) nos 170 postos da PRF de seis estados: Rio Grande do Sul, Santa Catarina, Paran\u00e1, S\u00e3o Paulo, Mato Grosso e Mato Grosso do Sul. A partir da pr\u00f3xima semana, os panfletos produzidos pelo Minist\u00e9rio ser\u00e3o distribu\u00eddos pelos policiais federais durante abordagens de rotina aos ve\u00edculos parados <\/span><span style=\"font-size: 12pt; line-height: 24px;\">nos postos das rodovias desses seis estados, inclusive aqueles com grande fluxo de caminh\u00f5es e \u00f4nibus com proced\u00eancia das fronteiras do MERCOSUL.<\/span><\/span><\/p>\n<p style=\"margin-top: 6pt; margin-right: 0cm; margin-bottom: 0pt; margin-left: 0cm;\"><span style=\"font-size: 12pt; line-height: 24px;\"><span style=\"font-family: Arial;\">Nos pontos de apoio das estradas, como restaurantes e postos de combust\u00edvel, tamb\u00e9m ser\u00e3o fixados cartazes e distribu\u00eddos panfletos. Essa parceria intensifica o trabalho de esclarecimento e informa\u00e7\u00e3o realizado pelo Minist\u00e9rio desde 24 de abril, quando a ocorr\u00eancia da nova gripe foi anunciada pela Organiza\u00e7\u00e3o Mundial de Sa\u00fade. Desde ent\u00e3o, mais de 5,2 milh\u00f5es de panfletos, 2 milh\u00f5es de folders e 500 mil cartazes foram confeccionados para serem distribu\u00eddos \u00e0 popula\u00e7\u00e3o.<\/span><\/span><\/p>\n<p style=\"margin-top: 6pt; margin-right: 0cm; margin-bottom: 0pt; margin-left: 0cm;\"><span style=\"font-family: Arial;\"><strong><span style=\"font-size: 10pt; line-height: 19px;\">REFOR\u00c7O \u2013<\/span><\/strong><span style=\"font-size: 12pt; line-height: 24px;\"> Nos portos e aeroportos, a Ag\u00eancia Nacional de Vigil\u00e2ncia Sanit\u00e1ria (ANVISA) adotou, na semana passada, novas medidas para refor\u00e7ar a vigil\u00e2ncia em todo o pa\u00eds. Entre elas, est\u00e1 o aumento no alerta em todas as entradas do pa\u00eds para detectar, diagnosticar e encaminhar para tratamento casos de pessoas suspeitas de estarem infectadas pelo v\u00edrus.<\/span><\/span><\/p>\n<p style=\"margin-top: 6pt; margin-right: 0cm; margin-bottom: 0pt; margin-left: 0cm;\"><span style=\"font-size: 12pt; line-height: 24px;\"><span style=\"font-family: Arial;\">Al\u00e9m disso, a ANVISA tornou obrigat\u00f3ria a apresenta\u00e7\u00e3o da Declara\u00e7\u00e3o de Sa\u00fade do Viajante (DSV), para monitoramento de todos passageiros que chegam ao pa\u00eds, em portos e aeroportos. O formul\u00e1rio \u00e9 distribu\u00eddo dentro do meio de transporte e deve ser apresentado pelos passageiros, inclusive as crian\u00e7as, cujos pais s\u00e3o respons\u00e1veis pelos dados. Foram impressos 500 mil formul\u00e1rios que est\u00e3o sendo distribu\u00eddos nos portos, aeroportos e \u00e1reas de fronteiras. O tempo m\u00e9dio de preenchimento do documento \u00e9 de cinco minutos.<\/span><\/span><\/p>\n<p style=\"margin-top: 6pt; margin-right: 0cm; margin-bottom: 0pt; margin-left: 0cm;\"><span style=\"font-family: Arial;\"><strong><span style=\"font-size: 10pt; line-height: 19px;\">RECOMENDA\u00c7\u00d5ES<\/span><\/strong><span style=\"font-size: 10pt; line-height: 19px;\"> \u2013<\/span><span style=\"font-size: 12pt; line-height: 24px;\"> O Minist\u00e9rio da Sa\u00fade, adicionalmente, recomendou que algumas pessoas adiem, se poss\u00edvel, viagens a pa\u00edses onde ocorre transmiss\u00e3o sustentada do v\u00edrus. Nessa lista, est\u00e3o dois pa\u00edses vizinhos, Argentina e Chile. A recomenda\u00e7\u00e3o vale para idosos acima de 60 anos; crian\u00e7as menores de dois anos; gestantes; e pessoas com defici\u00eancia imunol\u00f3gica (pacientes de c\u00e2ncer e aids, por exemplo) e doen\u00e7as card\u00edacas, pulmonares, renais ou metab\u00f3licas (diabetes, por exemplo), seja para viagens a\u00e9reas, terrestres ou mar\u00edtimas.<\/span><\/span><\/p>\n<p style=\"margin-top: 6pt; margin-right: 0cm; margin-bottom: 0pt; margin-left: 0cm;\"><span style=\"font-size: 12pt; line-height: 24px;\"><span style=\"font-family: Arial;\">Essas pessoas t\u00eam maior risco de desenvolver as formas graves da doen\u00e7a. Por isso, o Minist\u00e9rio da Sa\u00fade reitera que esta \u00e9 uma medida de prote\u00e7\u00e3o a estes grupos mais vulner\u00e1veis e n\u00e3o tem car\u00e1ter restritivo ou proibitivo ao com\u00e9rcio entre os pa\u00edses ou tr\u00e2nsito internacional de pessoas. Os outros pa\u00edses com transmiss\u00e3o sustentada do v\u00edrus s\u00e3o Estados Unidos, M\u00e9xico, Canad\u00e1, Austr\u00e1lia e Reino Unido.<\/span><\/span><\/p>\n","protected":false},"excerpt":{"rendered":"<p>O Minist\u00e9rio da Sa\u00fade fechou parceria com a Pol\u00edcia Rodovi\u00e1ria Federal para divulgar material informativo sobre o v\u00edrus Influenza A (H1N1) nos 170 postos da PRF de seis estados: Rio Grande do Sul, Santa Catarina, Paran\u00e1, S\u00e3o Paulo, Mato Grosso e Mato Grosso do Sul. A partir da pr\u00f3xima semana, os panfletos produzidos pelo Minist\u00e9rio [&hellip;]<\/p>\n","protected":false},"author":2,"featured_media":0,"comment_status":"open","ping_status":"open","sticky":false,"template":"","format":"standard","meta":{"tdm_status":"","tdm_grid_status":"","footnotes":""},"categories":[22,5],"tags":[],"class_list":{"0":"post-4767","1":"post","2":"type-post","3":"status-publish","4":"format-standard","6":"category-brasil","7":"category-saude-e-vida"},"_links":{"self":[{"href":"https:\/\/migracao.redenoticia.com.br\/noticia\/wp-json\/wp\/v2\/posts\/4767","targetHints":{"allow":["GET"]}}],"collection":[{"href":"https:\/\/migracao.redenoticia.com.br\/noticia\/wp-json\/wp\/v2\/posts"}],"about":[{"href":"https:\/\/migracao.redenoticia.com.br\/noticia\/wp-json\/wp\/v2\/types\/post"}],"author":[{"embeddable":true,"href":"https:\/\/migracao.redenoticia.com.br\/noticia\/wp-json\/wp\/v2\/users\/2"}],"replies":[{"embeddable":true,"href":"https:\/\/migracao.redenoticia.com.br\/noticia\/wp-json\/wp\/v2\/comments?post=4767"}],"version-history":[{"count":0,"href":"https:\/\/migracao.redenoticia.com.br\/noticia\/wp-json\/wp\/v2\/posts\/4767\/revisions"}],"wp:attachment":[{"href":"https:\/\/migracao.redenoticia.com.br\/noticia\/wp-json\/wp\/v2\/media?parent=4767"}],"wp:term":[{"taxonomy":"category","embeddable":true,"href":"https:\/\/migracao.redenoticia.com.br\/noticia\/wp-json\/wp\/v2\/categories?post=4767"},{"taxonomy":"post_tag","embeddable":true,"href":"https:\/\/migracao.redenoticia.com.br\/noticia\/wp-json\/wp\/v2\/tags?post=4767"}],"curies":[{"name":"wp","href":"https:\/\/api.w.org\/{rel}","templated":true}]}}