{"id":4774,"date":"2009-07-06T17:36:55","date_gmt":"2009-07-06T21:36:55","guid":{"rendered":"http:\/\/www.redenoticia.com.br\/noticia\/?p=4774"},"modified":"2009-07-06T17:40:44","modified_gmt":"2009-07-06T21:40:44","slug":"deputado-jesualdo-pires-rondonia-entrega-implementos-agriculas-em-alvorada-do-oeste","status":"publish","type":"post","link":"https:\/\/migracao.redenoticia.com.br\/noticia\/2009\/deputado-jesualdo-pires-rondonia-entrega-implementos-agriculas-em-alvorada-do-oeste\/4774","title":{"rendered":"Deputado Jesualdo Pires &#8211; Rond\u00f4nia &#8211; entrega implementos agr\u00edculas em Alvorada do Oeste"},"content":{"rendered":"<figure id=\"attachment_4777\" aria-describedby=\"caption-attachment-4777\" style=\"width: 249px\" class=\"wp-caption alignleft\"><a href=\"https:\/\/migracao.redenoticia.com.br\/noticia\/imagens\/\/Jesualdo-em-Alvorada.jpg\"><img loading=\"lazy\" decoding=\"async\" class=\"size-medium wp-image-4777\" title=\"Jesualdo em Alvorada\" src=\"https:\/\/migracao.redenoticia.com.br\/noticia\/imagens\/\/Jesualdo-em-Alvorada-249x187.jpg\" alt=\"Deputdo Jesualdo entrega equipamentos em Medici e Alvorada\" width=\"249\" height=\"187\" srcset=\"https:\/\/migracao.redenoticia.com.br\/noticia\/imagens\/Jesualdo-em-Alvorada-249x187.jpg 249w, https:\/\/migracao.redenoticia.com.br\/noticia\/imagens\/Jesualdo-em-Alvorada-250x187.jpg 250w, https:\/\/migracao.redenoticia.com.br\/noticia\/imagens\/Jesualdo-em-Alvorada-150x113.jpg 150w, https:\/\/migracao.redenoticia.com.br\/noticia\/imagens\/Jesualdo-em-Alvorada-265x198.jpg 265w, https:\/\/migracao.redenoticia.com.br\/noticia\/imagens\/Jesualdo-em-Alvorada-149x112.jpg 149w, https:\/\/migracao.redenoticia.com.br\/noticia\/imagens\/Jesualdo-em-Alvorada.jpg 300w\" sizes=\"auto, (max-width: 249px) 100vw, 249px\" \/><\/a><figcaption id=\"caption-attachment-4777\" class=\"wp-caption-text\">Deputdo Jesualdo entrega equipamentos em Medici e Alvorada<\/figcaption><\/figure>\n<p>O deputado estadual Jesualdo Pires (PSB de Ji-Paran\u00e1) entregou implementos agr\u00edcolas nas cidades de Presidente M\u00e9dici e Alvorada do Oeste, onde visitou as fam\u00edlias de produtores do Assentamento Chico Mendes e linha 44.<\/p>\n<p>Jesualdo entregou em Presidente M\u00e9dici uma trilhadeira para ser utilizada pela associa\u00e7\u00e3o dos produtores da Agro Vila Quatro do assentamento Chico Mendes, beneficiando cerca de 80 fam\u00edlias de produtores. A solenidade de entrega contou com a presen\u00e7a do Presidente da C\u00e2mara Municipal vereador Airton Artiaga e do prefeito municipal Z\u00e9 Ribeiro.<\/p>\n<p>Na cidade de Alvorada do Oeste foram beneficiadas as 55 fam\u00edlias da Associa\u00e7\u00e3o da Linha 44, com a entrega de um tanque de resfriamento de leite com capacidade de mil litros.<\/p>\n<p>Jesualdo salientou que tem buscado realizar um trabalho de parceria com os vereadores dos munic\u00edpios visando otimizar suas emendas de forma que os recursos alocados sejam investidos nas principais demandas das cidades.<\/p>\n<p>\u201cOs vereadores fazem um trabalho bastante pr\u00f3ximo das associa\u00e7\u00f5es e comunidades e conhecem quais s\u00e3o as prioridades dessas localidades. Por isso, tenho sido bastante atencioso ao analisar as indica\u00e7\u00f5es feitas pelos vereadores e tenho buscado atende-las, sempre que possivel\u201d, disse.<\/p>\n","protected":false},"excerpt":{"rendered":"<p>O deputado estadual Jesualdo Pires (PSB de Ji-Paran\u00e1) entregou implementos agr\u00edcolas nas cidades de Presidente M\u00e9dici e Alvorada do Oeste, onde visitou as fam\u00edlias de produtores do Assentamento Chico Mendes e linha 44. Jesualdo entregou em Presidente M\u00e9dici uma trilhadeira para ser utilizada pela associa\u00e7\u00e3o dos produtores da Agro Vila Quatro do assentamento Chico Mendes, [&hellip;]<\/p>\n","protected":false},"author":2,"featured_media":0,"comment_status":"open","ping_status":"open","sticky":false,"template":"","format":"standard","meta":{"tdm_status":"","tdm_grid_status":"","footnotes":""},"categories":[22],"tags":[],"class_list":{"0":"post-4774","1":"post","2":"type-post","3":"status-publish","4":"format-standard","6":"category-brasil"},"_links":{"self":[{"href":"https:\/\/migracao.redenoticia.com.br\/noticia\/wp-json\/wp\/v2\/posts\/4774","targetHints":{"allow":["GET"]}}],"collection":[{"href":"https:\/\/migracao.redenoticia.com.br\/noticia\/wp-json\/wp\/v2\/posts"}],"about":[{"href":"https:\/\/migracao.redenoticia.com.br\/noticia\/wp-json\/wp\/v2\/types\/post"}],"author":[{"embeddable":true,"href":"https:\/\/migracao.redenoticia.com.br\/noticia\/wp-json\/wp\/v2\/users\/2"}],"replies":[{"embeddable":true,"href":"https:\/\/migracao.redenoticia.com.br\/noticia\/wp-json\/wp\/v2\/comments?post=4774"}],"version-history":[{"count":0,"href":"https:\/\/migracao.redenoticia.com.br\/noticia\/wp-json\/wp\/v2\/posts\/4774\/revisions"}],"wp:attachment":[{"href":"https:\/\/migracao.redenoticia.com.br\/noticia\/wp-json\/wp\/v2\/media?parent=4774"}],"wp:term":[{"taxonomy":"category","embeddable":true,"href":"https:\/\/migracao.redenoticia.com.br\/noticia\/wp-json\/wp\/v2\/categories?post=4774"},{"taxonomy":"post_tag","embeddable":true,"href":"https:\/\/migracao.redenoticia.com.br\/noticia\/wp-json\/wp\/v2\/tags?post=4774"}],"curies":[{"name":"wp","href":"https:\/\/api.w.org\/{rel}","templated":true}]}}