{"id":4779,"date":"2009-07-06T17:43:28","date_gmt":"2009-07-06T21:43:28","guid":{"rendered":"http:\/\/www.redenoticia.com.br\/noticia\/?p=4779"},"modified":"2009-07-06T17:43:28","modified_gmt":"2009-07-06T21:43:28","slug":"reuniao-anual-da-sbpc-promovera-atividades-culturais","status":"publish","type":"post","link":"https:\/\/migracao.redenoticia.com.br\/noticia\/2009\/reuniao-anual-da-sbpc-promovera-atividades-culturais\/4779","title":{"rendered":"Reuni\u00e3o anual da SBPC promover\u00e1 atividades culturais"},"content":{"rendered":"<p>Al\u00e9m de ampliar o conhecimento cient\u00edfico sobre a Amaz\u00f4nia brasileira, o p\u00fablico participante da 61\u00aa Reuni\u00e3o Anual da Sociedade Brasileira para o Progresso da Ci\u00eancia (SBPC) tamb\u00e9m ter\u00e1 a oportunidade de ter contato direto com a diversidade cultural da regi\u00e3o. Ao t\u00e9rmino das atividades cient\u00edficas, nos dias 13 a 17 de julho, a ci\u00eancia dar\u00e1 lugar \u00e0 cultura no campus da Universidade Federal do Amazonas (UFAM), em Manaus, com a realiza\u00e7\u00e3o da SBPC Cultural.<\/p>\n<p>Composta por uma s\u00e9rie de atividades, com \u00eanfase na produ\u00e7\u00e3o art\u00edstica e cultural da regi\u00e3o, o evento dever\u00e1 reunir cerca de 500 artistas, de diversas express\u00f5es culturais, reunidos pelo projeto cultural Uakti &#8211; um movimento criado no final da d\u00e9cada de 80 no Amazonas com o objetivo de possibilitar a express\u00e3o e a constru\u00e7\u00e3o da identidade dos artistas amazonenses.<\/p>\n<p>\u201cA programa\u00e7\u00e3o est\u00e1 fant\u00e1stica e digna de receber os participantes. Ter\u00e1 uma diversidade de manifesta\u00e7\u00f5es culturais da regi\u00e3o, abrangendo, entre outras, m\u00fasica, dan\u00e7a, artes pl\u00e1sticas e teatro\u201d, conta o coordenador da SBPC Cultural, William Gama.<\/p>\n<p><strong>Destaques \u2013 <\/strong>Distribu\u00eddas por n\u00facleos tem\u00e1ticos, um dos destaques da programa\u00e7\u00e3o cultural \u00e9 o show de m\u00fasica popular brasileira \u201cEncontro das \u00e1guas e dos poetas\u201d, que ser\u00e1 realizado nas noites dos dias 13 a 15 de julho. Reunindo 27 can\u00e7\u00f5es, de autoria de poetas, cantores e int\u00e9rpretes amazonenses, a cada tr\u00eas m\u00fasicas executadas ser\u00e3o recitados poemas com o mesmo tema das composi\u00e7\u00f5es: a \u00e1gua.<\/p>\n<p>Na quarta-feira, 15 de julho, os grupos ind\u00edgenas das etnias dessana e sater\u00ea tamb\u00e9m apresentar\u00e3o parte do repert\u00f3rio de m\u00fasicas de suas tribos, de forte conte\u00fado ritual\u00edstico e muito associadas \u00e0 dan\u00e7a, na \u201cMostra de M\u00fasica Instrumental\u201d. J\u00e1 na sexta-feira, dia 16 de julho, o aclamado violonista Sebasti\u00e3o Tapaj\u00f3s subir\u00e1 ao palco para dar uma mostra do virtuosismo musical que tem encantado plat\u00e9ias no Brasil e no exterior.<\/p>\n<p>Ao final das apresenta\u00e7\u00f5es, nos dias 13 a 17, ser\u00e3o realizados shows dan\u00e7antes mostrando toadas de boi-bumb\u00e1 de Parintins, m\u00fasicas do beirad\u00e3o \u2013 uma mistura de ritmos e influ\u00eancias musicais que buscam resgatar a cultura dos caboclos &#8211; e sambas de enredo compostos por escolas de samba da regi\u00e3o em homenagem aos 100 anos da UFAM e aos 50 do Instituto Nacional de Pesquisas da Amaz\u00f4nia (INPA). Para fechar a programa\u00e7\u00e3o, no dia 17 de julho, se apresentar\u00e3o cinco grupos folcl\u00f3ricos que se destacaram na \u00faltima edi\u00e7\u00e3o do Festival Folcl\u00f3rico do Amazonas, reproduzindo uma quadrilha de festa junina, o canga\u00e7o nordestino e a ciranda, entre outros.<\/p>\n<p>De acordo com o agente cultural, o entusiasmo dos artistas se deve \u00e0 oportunidade de mostrar ao p\u00fablico participante da 61\u00aa Reuni\u00e3o Anual da SBPC a diversidade cultural da Amaz\u00f4nia e desmistificar a imagem que a regi\u00e3o tem em outros lugares no Pa\u00eds e no exterior. \u201cO discurso sobre a Amaz\u00f4nia na m\u00eddia internacional e brasileira \u00e9 geralmente ligado \u00e0s quest\u00f5es ambientais. Como o pr\u00f3prio tema escolhido para a Reuni\u00e3o da SBPC este ano \u00e9 ci\u00eancia e cultura na Amaz\u00f4nia, queremos mostrar no evento que, al\u00e9m de fazermos ci\u00eancia, tamb\u00e9m temos uma cultura muito rica e diversificada\u201d, ressalta.<\/p>\n<p><strong>Servi\u00e7o: <\/strong>A SBPC Cultural integra a programa\u00e7\u00e3o da 61\u00aa Reuni\u00e3o Anual da SBPC que ser\u00e1 realizada a partir do dia 12 em Manaus (AM), no campus da Universidade Federal do Amazonas (UFAM). O evento, cujo tema \u00e9 \u201cAmaz\u00f4nia: Ci\u00eancia e Cultura\u201d, contar\u00e1 com 175 atividades, entre confer\u00eancias, simp\u00f3sios, mesas-redondas, grupos de trabalho, encontros e sess\u00f5es especiais, al\u00e9m de apresenta\u00e7\u00e3o de trabalhos cient\u00edficos e minicursos. Veja a programa\u00e7\u00e3o em<a href=\"http:\/\/www.sbpcnet.org.br\/manaus\" target=\"_blank\">www.sbpcnet.org.br\/manaus<\/a>.<\/p>\n","protected":false},"excerpt":{"rendered":"<p>Al\u00e9m de ampliar o conhecimento cient\u00edfico sobre a Amaz\u00f4nia brasileira, o p\u00fablico participante da 61\u00aa Reuni\u00e3o Anual da Sociedade Brasileira para o Progresso da Ci\u00eancia (SBPC) tamb\u00e9m ter\u00e1 a oportunidade de ter contato direto com a diversidade cultural da regi\u00e3o. Ao t\u00e9rmino das atividades cient\u00edficas, nos dias 13 a 17 de julho, a ci\u00eancia dar\u00e1 [&hellip;]<\/p>\n","protected":false},"author":2,"featured_media":0,"comment_status":"open","ping_status":"open","sticky":false,"template":"","format":"standard","meta":{"tdm_status":"","tdm_grid_status":"","footnotes":""},"categories":[22],"tags":[],"class_list":{"0":"post-4779","1":"post","2":"type-post","3":"status-publish","4":"format-standard","6":"category-brasil"},"_links":{"self":[{"href":"https:\/\/migracao.redenoticia.com.br\/noticia\/wp-json\/wp\/v2\/posts\/4779","targetHints":{"allow":["GET"]}}],"collection":[{"href":"https:\/\/migracao.redenoticia.com.br\/noticia\/wp-json\/wp\/v2\/posts"}],"about":[{"href":"https:\/\/migracao.redenoticia.com.br\/noticia\/wp-json\/wp\/v2\/types\/post"}],"author":[{"embeddable":true,"href":"https:\/\/migracao.redenoticia.com.br\/noticia\/wp-json\/wp\/v2\/users\/2"}],"replies":[{"embeddable":true,"href":"https:\/\/migracao.redenoticia.com.br\/noticia\/wp-json\/wp\/v2\/comments?post=4779"}],"version-history":[{"count":0,"href":"https:\/\/migracao.redenoticia.com.br\/noticia\/wp-json\/wp\/v2\/posts\/4779\/revisions"}],"wp:attachment":[{"href":"https:\/\/migracao.redenoticia.com.br\/noticia\/wp-json\/wp\/v2\/media?parent=4779"}],"wp:term":[{"taxonomy":"category","embeddable":true,"href":"https:\/\/migracao.redenoticia.com.br\/noticia\/wp-json\/wp\/v2\/categories?post=4779"},{"taxonomy":"post_tag","embeddable":true,"href":"https:\/\/migracao.redenoticia.com.br\/noticia\/wp-json\/wp\/v2\/tags?post=4779"}],"curies":[{"name":"wp","href":"https:\/\/api.w.org\/{rel}","templated":true}]}}