{"id":47793,"date":"2013-09-23T16:37:00","date_gmt":"2013-09-23T19:37:00","guid":{"rendered":"http:\/\/www.redenoticia.com.br\/noticia\/?p=47793"},"modified":"2013-09-23T16:37:00","modified_gmt":"2013-09-23T19:37:00","slug":"massa-de-ar-seco-e-frio-derruba-as-temperaturas-no-sul","status":"publish","type":"post","link":"https:\/\/migracao.redenoticia.com.br\/noticia\/2013\/massa-de-ar-seco-e-frio-derruba-as-temperaturas-no-sul\/47793","title":{"rendered":"Massa de ar seco e frio derruba as temperaturas no Sul"},"content":{"rendered":"<p>A segunda-feira iniciou com tempo nublado e pancadas de chuva em diversas \u00e1reas do Rio Grande do Sul. De acordo com a Somar Meteorologia, a frente fria j\u00e1 se afastou do Estado ga\u00facho, mas a presen\u00e7a de \u00e1reas de instabilidade ainda mant\u00e9m o tempo nublado na regi\u00e3o. A <em><strong>previs\u00e3o<\/strong><\/em> da Somar \u00e9 de temperatura baixa em boa parte do Estado.<\/p>\n<p>Previs\u00e3o<\/p>\n<p>O tempo fica nublado e com pancadas de chuva ao longo do litoral ga\u00facho por conta da presen\u00e7a do sistema de baixa press\u00e3o. Chove tamb\u00e9m em todo o centro-leste, no sul, Regi\u00e3o Metropolitana e Serra. Os maiores acumulados ser\u00e3o registrados no litoral onde ainda h\u00e1 risco para transtornos devido a persist\u00eancia da chuva. Somente entre o oeste e \u00e0 Campanha \u00e9 que o tempo volta a ficar firme e o sol aparece com a chegada de uma nova massa de ar seco e frio. A agita\u00e7\u00e3o mar\u00edtima aumenta e as ondas chegam a 1,8m de altura.<\/p>\n<p>As madrugadas de ter\u00e7a, quarta e quinta-feira v\u00e3o ficar com temperaturas pr\u00f3ximas de 0\u00b0C<\/p>\n<p>Uma massa de ar frio ganha for\u00e7a no Estado e a madrugada vai ser gelada principalmente na Campanha e na Serra, onde a temperatura m\u00ednima n\u00e3o passa dos 3\u00b0C na ter\u00e7a. Na Capital, m\u00ednima de 9\u00baC. A tarde a temperatura n\u00e3o sobe muito e as m\u00e1ximas ficam abaixo de 20\u00b0C. Porto Alegre com 18\u00baC e Caxias do Sul com 13\u00baC.<\/p>\n<p>Na quarta-feira a chuva perde for\u00e7a e ocorrem apenas chuvas leves e com baixo acumulado sobre a faixa leste do Estado, incluindo tamb\u00e9m a regi\u00e3o Metropolitana. No centro, oeste e norte o tempo fica seco e com poucas nuvens. A massa de ar polar ganha for\u00e7a e o frio da madrugada aumenta na maior parte das localidades. As temperaturas m\u00ednimas ficam abaixo de 5\u00b0C em v\u00e1rios munic\u00edpios. No entanto, essa onda de frio \u00e9 mais fraca em rela\u00e7\u00e3o a que o ocorrem na semana passada e o risco para geadas \u00e9 baixo em \u00e1reas produtoras.<\/p>\n<p>A partir da quinta-feira o tempo seco predomina em todo o Estado RS. A madrugada ainda vai ser fria, mas a tarde as temperaturas ficam em gradativa eleva\u00e7\u00e3o.<\/p>\n","protected":false},"excerpt":{"rendered":"<p>A segunda-feira iniciou com tempo nublado e pancadas de chuva em diversas \u00e1reas do Rio Grande do Sul. De acordo com a Somar Meteorologia, a frente fria j\u00e1 se afastou do Estado ga\u00facho, mas a presen\u00e7a de \u00e1reas de instabilidade ainda mant\u00e9m o tempo nublado na regi\u00e3o. A previs\u00e3o da Somar \u00e9 de temperatura baixa [&hellip;]<\/p>\n","protected":false},"author":2,"featured_media":26302,"comment_status":"closed","ping_status":"closed","sticky":false,"template":"","format":"standard","meta":{"tdm_status":"","tdm_grid_status":"","footnotes":""},"categories":[22],"tags":[],"class_list":{"0":"post-47793","1":"post","2":"type-post","3":"status-publish","4":"format-standard","5":"has-post-thumbnail","7":"category-brasil"},"_links":{"self":[{"href":"https:\/\/migracao.redenoticia.com.br\/noticia\/wp-json\/wp\/v2\/posts\/47793","targetHints":{"allow":["GET"]}}],"collection":[{"href":"https:\/\/migracao.redenoticia.com.br\/noticia\/wp-json\/wp\/v2\/posts"}],"about":[{"href":"https:\/\/migracao.redenoticia.com.br\/noticia\/wp-json\/wp\/v2\/types\/post"}],"author":[{"embeddable":true,"href":"https:\/\/migracao.redenoticia.com.br\/noticia\/wp-json\/wp\/v2\/users\/2"}],"replies":[{"embeddable":true,"href":"https:\/\/migracao.redenoticia.com.br\/noticia\/wp-json\/wp\/v2\/comments?post=47793"}],"version-history":[{"count":0,"href":"https:\/\/migracao.redenoticia.com.br\/noticia\/wp-json\/wp\/v2\/posts\/47793\/revisions"}],"wp:featuredmedia":[{"embeddable":true,"href":"https:\/\/migracao.redenoticia.com.br\/noticia\/wp-json\/wp\/v2\/media\/26302"}],"wp:attachment":[{"href":"https:\/\/migracao.redenoticia.com.br\/noticia\/wp-json\/wp\/v2\/media?parent=47793"}],"wp:term":[{"taxonomy":"category","embeddable":true,"href":"https:\/\/migracao.redenoticia.com.br\/noticia\/wp-json\/wp\/v2\/categories?post=47793"},{"taxonomy":"post_tag","embeddable":true,"href":"https:\/\/migracao.redenoticia.com.br\/noticia\/wp-json\/wp\/v2\/tags?post=47793"}],"curies":[{"name":"wp","href":"https:\/\/api.w.org\/{rel}","templated":true}]}}