{"id":47795,"date":"2013-09-23T16:42:36","date_gmt":"2013-09-23T19:42:36","guid":{"rendered":"http:\/\/www.redenoticia.com.br\/noticia\/?p=47795"},"modified":"2013-09-23T16:42:36","modified_gmt":"2013-09-23T19:42:36","slug":"tribunal-de-contas-do-espirito-santo-lanca-concurso-para-nivel-superior","status":"publish","type":"post","link":"https:\/\/migracao.redenoticia.com.br\/noticia\/2013\/tribunal-de-contas-do-espirito-santo-lanca-concurso-para-nivel-superior\/47795","title":{"rendered":"Tribunal de Contas do Esp\u00edrito Santo lan\u00e7a concurso para n\u00edvel superior"},"content":{"rendered":"<p><span style=\"font-size: 13px; line-height: 19px;\">O Tribunal de Contas do Estado do Esp\u00edrito Santo (<em><strong>TCE\/ES<\/strong><\/em>) lan\u00e7ou <em><strong>concurso p\u00fablico<\/strong><\/em> para o cargo de Analista Administrativo. O edital prover\u00e1 21 vagas, das quais uma \u00e9 reservada para candidatos com defici\u00eancia.<\/span><\/p>\n<p>Para confirmar a participa\u00e7\u00e3o, os interessados podem se inscrever entre os dias 27 de setembro e 17 de outubro, exclusivamente pelo\u00a0site<a href=\"http:\/\/www.cespe.unb.br\/concursos\/tce_es_13_analista\" target=\"_blank\">www.cespe.unb.br\/concursos\/tce_es_13_analista<\/a>. O valor da taxa \u00e9 R$ 105,00.<\/p>\n<p>A sele\u00e7\u00e3o ser\u00e1 composta de provas objetivas, previstas para o dia 1\u00ba de dezembro, e avalia\u00e7\u00e3o de t\u00edtulos, para todos os cargos. As fases e a per\u00edcia m\u00e9dica dos candidatos que se declararem com defici\u00eancia ser\u00e3o realizadas na cidade de Vit\u00f3ria (ES).<\/p>\n<p>CARGOS \u2013\u00a0As vagas est\u00e3o divididas em sete \u00e1reas: Administra\u00e7\u00e3o\/Economia, Arquitetura, Arquivologia, Biblioteconomia, Ci\u00eancias Cont\u00e1beis, Direito e Inform\u00e1tica. Para concorrer, os candidatos devem possuir diploma de conclus\u00e3o de curso de gradua\u00e7\u00e3o de n\u00edvel superior na \u00e1rea desejada. A remunera\u00e7\u00e3o de todas as oportunidades \u00e9 R$ 3.954,08, para uma jornada de trabalho de 40 horas semanais.<\/p>\n<p>SERVI\u00c7O<br \/>\nConcurso:\u00a0Tribunal de Contas do Estado do Esp\u00edrito Santo (TCE\/ES)<br \/>\nCargo:\u00a0Analista Administrativo<br \/>\nRemunera\u00e7\u00e3o:\u00a0R$ 3.954,08<br \/>\nVagas:\u00a021<br \/>\nInscri\u00e7\u00f5es:\u00a0entre 27 de setembro e 17 de outubro<br \/>\nTaxa:\u00a0R$ 105,00<br \/>\nProvas objetivas:\u00a01\u00ba de dezembro<\/p>\n<p>CONTATO<br \/>\nOutras informa\u00e7\u00f5es no\u00a0site\u00a0<a href=\"http:\/\/www.cespe.unb.br\/concursos\/tce_es_13_analista\" target=\"_blank\">www.cespe.unb.br\/concursos\/tce_es_13_analista<\/a>\u00a0ou na Central de Atendimento do Cespe\/UnB, de segunda a sexta, das 8h \u00e0s 19h \u2013 Campus Universit\u00e1rio Darcy Ribeiro, Sede do Cespe\/UnB \u2013 (61) 3448 0100.<\/p>\n","protected":false},"excerpt":{"rendered":"<p>O Tribunal de Contas do Estado do Esp\u00edrito Santo (TCE\/ES) lan\u00e7ou concurso p\u00fablico para o cargo de Analista Administrativo. O edital prover\u00e1 21 vagas, das quais uma \u00e9 reservada para candidatos com defici\u00eancia. Para confirmar a participa\u00e7\u00e3o, os interessados podem se inscrever entre os dias 27 de setembro e 17 de outubro, exclusivamente pelo\u00a0sitewww.cespe.unb.br\/concursos\/tce_es_13_analista. O [&hellip;]<\/p>\n","protected":false},"author":2,"featured_media":28954,"comment_status":"closed","ping_status":"closed","sticky":false,"template":"","format":"standard","meta":{"tdm_status":"","tdm_grid_status":"","footnotes":""},"categories":[22,352,370],"tags":[],"class_list":{"0":"post-47795","1":"post","2":"type-post","3":"status-publish","4":"format-standard","5":"has-post-thumbnail","7":"category-brasil","8":"category-concursos","9":"category-inscricao"},"_links":{"self":[{"href":"https:\/\/migracao.redenoticia.com.br\/noticia\/wp-json\/wp\/v2\/posts\/47795","targetHints":{"allow":["GET"]}}],"collection":[{"href":"https:\/\/migracao.redenoticia.com.br\/noticia\/wp-json\/wp\/v2\/posts"}],"about":[{"href":"https:\/\/migracao.redenoticia.com.br\/noticia\/wp-json\/wp\/v2\/types\/post"}],"author":[{"embeddable":true,"href":"https:\/\/migracao.redenoticia.com.br\/noticia\/wp-json\/wp\/v2\/users\/2"}],"replies":[{"embeddable":true,"href":"https:\/\/migracao.redenoticia.com.br\/noticia\/wp-json\/wp\/v2\/comments?post=47795"}],"version-history":[{"count":0,"href":"https:\/\/migracao.redenoticia.com.br\/noticia\/wp-json\/wp\/v2\/posts\/47795\/revisions"}],"wp:featuredmedia":[{"embeddable":true,"href":"https:\/\/migracao.redenoticia.com.br\/noticia\/wp-json\/wp\/v2\/media\/28954"}],"wp:attachment":[{"href":"https:\/\/migracao.redenoticia.com.br\/noticia\/wp-json\/wp\/v2\/media?parent=47795"}],"wp:term":[{"taxonomy":"category","embeddable":true,"href":"https:\/\/migracao.redenoticia.com.br\/noticia\/wp-json\/wp\/v2\/categories?post=47795"},{"taxonomy":"post_tag","embeddable":true,"href":"https:\/\/migracao.redenoticia.com.br\/noticia\/wp-json\/wp\/v2\/tags?post=47795"}],"curies":[{"name":"wp","href":"https:\/\/api.w.org\/{rel}","templated":true}]}}