{"id":47797,"date":"2013-09-23T16:46:04","date_gmt":"2013-09-23T19:46:04","guid":{"rendered":"http:\/\/www.redenoticia.com.br\/noticia\/?p=47797"},"modified":"2013-09-23T16:46:04","modified_gmt":"2013-09-23T19:46:04","slug":"pesquisa-analisa-relacao-entre-genetica-e-efeitos-do-exercicio","status":"publish","type":"post","link":"https:\/\/migracao.redenoticia.com.br\/noticia\/2013\/pesquisa-analisa-relacao-entre-genetica-e-efeitos-do-exercicio\/47797","title":{"rendered":"Pesquisa analisa rela\u00e7\u00e3o entre gen\u00e9tica e efeitos do exerc\u00edcio"},"content":{"rendered":"<p>Trabalho de Carlos Sponton, que integra seu doutorado no Instituto de Bioci\u00eancias da Unesp de Rio Claro, como aux\u00edlio financeiro da Fapesp, foi selecionado para a fase final do Pr\u00eamio Pemberton na categoria Pesquisa Aplicada.\u00a0Basicamente a pesquisa teve como objetivo analisar como um fator gen\u00e9tico (polimorfismo da posi\u00e7\u00e3o intron 4 do gene NOS3) \u00e9 capaz de atenuar os efeitos ben\u00e9ficos do <em><strong>exerc\u00edcio f\u00edsico<\/strong><\/em> sobre o sistema cardiovascular (vasos e cora\u00e7\u00e3o) em sujeitos com s\u00edndrome metab\u00f3lica (associa\u00e7\u00e3o de um conjunto de fatores como hipertens\u00e3o arterial, dislipidemia, obesidade abdominal e resist\u00eancia a insulina\/diabetes).<\/p>\n<p>Foram avaliados 86 volunt\u00e1rios (homens e mulheres) que foram submetidos ao treinamento f\u00edsico aer\u00f3bio por 2 meses (3 vezes por semana, num total de 24 sess\u00f5es de exerc\u00edcio).<\/p>\n<p>Em geral, conforme esperado, foi verificado que o treinamento f\u00edsico aer\u00f3bio foi eficaz em promover benef\u00edcios para o sistema cardiovascular. Entretanto, quando o grupo foi subdividido com base na an\u00e1lise gen\u00e9tica para o polimorfismo mencionado, verificou-se que os volunt\u00e1rios que apresentavam essa altera\u00e7\u00e3o gen\u00e9tica tinham uma \u2018reduzida\u2019 ou mesmo \u2018abolida\u2019 resposta ben\u00e9fica do treinamento f\u00edsico sobre o sistema cardiovascular independente da s\u00edndrome metab\u00f3lica.\u00a0Dessa forma, confirmou-se a hip\u00f3tese de que esse polimorfismo poderia negativamente modular a resposta cardiovascular frente ao treinamento f\u00edsico aer\u00f3bio.<\/p>\n<p>Para justificar esses dados, foram realizadas an\u00e1lises cardiovasculares, como press\u00e3o arterial de repouso, press\u00e3o arterial ambulatorial de 24h, frequ\u00eancia card\u00edaca de repouso e variabilidade da FC.\u00a0Al\u00e9m disso, para tentar entender os mecanismos moleculares relacionados a essa resposta, foram verificados os marcadores bioqu\u00edmicos para o estresse oxidativo e metab\u00f3litos da produ\u00e7\u00e3o do \u00f3xido n\u00edtrico (importante vasodilatador produzido pelas art\u00e9rias), al\u00e9m obviamente das an\u00e1lises gen\u00e9ticas para a regi\u00e3o de interesse.<br \/>\nPr\u00eamio Pemberton<br \/>\nO trabalho de Sponton foi desenvolvido no Laborat\u00f3rio de Fisiologia Cardiovascular e Atividade F\u00edsica do Departamento de Educa\u00e7\u00e3o F\u00edsica do Instituto de Bioci\u00eancias (IB) da Unesp de Rio Claro, coordenado por Angelina Zanesco, e aprovado para a fase final do Pr\u00eamio Pemberton.<\/p>\n<p>O Pr\u00eamio Pemberton \u00e9 uma iniciativa da Coca-Cola Brasil voltada a profissionais, institui\u00e7\u00f5es de pesquisa e universidades, nas diferentes \u00e1reas da Sa\u00fade e afins: Medicina, Educa\u00e7\u00e3o F\u00edsica, Nutri\u00e7\u00e3o, Biologia, Engenharia de Alimentos. Seu objetivo \u00e9 incentivar pesquisas cient\u00edficas com foco em bem-estar e nos requisitos para uma vida saud\u00e1vel, tais como os benef\u00edcios da alimenta\u00e7\u00e3o equilibrada, da hidrata\u00e7\u00e3o e da pr\u00e1tica de exerc\u00edcios f\u00edsicos.<\/p>\n<p>A iniciativa conta com o apoio da ABESO (Associa\u00e7\u00e3o Brasileira para o Estudo da Obesidade e da S\u00edndrome Metab\u00f3lica),SBAN (Sociedade Brasileira de Alimenta\u00e7\u00e3o e Nutri\u00e7\u00e3o) e ABRAN (Associa\u00e7\u00e3o Brasileira de Nutrologia).\u00a0Na categoria Pesquisa B\u00e1sica (trabalhos com Animais), foi classificada MARIA ANDR\u00c9IA DELBIN, que realiza p\u00f3s-doutorado com apoio da Fapesp e \u00e9 Jovem Pesquisadora da Unesp. Atualmente leciona Fisiologia na Unicamp.\u00a0A pesquisa de Sponton foi classificada na categoria Pesquisa Aplicada (trabalhos com Seres Humanos).<br \/>\nInforma\u00e7\u00f5es:\u00a0<a href=\"http:\/\/www.premiopemberton.com.br\/oPremio.html\" target=\"_blank\">http:\/\/www.premiopemberton.com.br\/oPremio.html<\/a><\/p>\n","protected":false},"excerpt":{"rendered":"<p>Trabalho de Carlos Sponton, que integra seu doutorado no Instituto de Bioci\u00eancias da Unesp de Rio Claro, como aux\u00edlio financeiro da Fapesp, foi selecionado para a fase final do Pr\u00eamio Pemberton na categoria Pesquisa Aplicada.\u00a0Basicamente a pesquisa teve como objetivo analisar como um fator gen\u00e9tico (polimorfismo da posi\u00e7\u00e3o intron 4 do gene NOS3) \u00e9 capaz [&hellip;]<\/p>\n","protected":false},"author":2,"featured_media":21774,"comment_status":"closed","ping_status":"closed","sticky":false,"template":"","format":"standard","meta":{"tdm_status":"","tdm_grid_status":"","footnotes":""},"categories":[22,5],"tags":[],"class_list":{"0":"post-47797","1":"post","2":"type-post","3":"status-publish","4":"format-standard","5":"has-post-thumbnail","7":"category-brasil","8":"category-saude-e-vida"},"_links":{"self":[{"href":"https:\/\/migracao.redenoticia.com.br\/noticia\/wp-json\/wp\/v2\/posts\/47797","targetHints":{"allow":["GET"]}}],"collection":[{"href":"https:\/\/migracao.redenoticia.com.br\/noticia\/wp-json\/wp\/v2\/posts"}],"about":[{"href":"https:\/\/migracao.redenoticia.com.br\/noticia\/wp-json\/wp\/v2\/types\/post"}],"author":[{"embeddable":true,"href":"https:\/\/migracao.redenoticia.com.br\/noticia\/wp-json\/wp\/v2\/users\/2"}],"replies":[{"embeddable":true,"href":"https:\/\/migracao.redenoticia.com.br\/noticia\/wp-json\/wp\/v2\/comments?post=47797"}],"version-history":[{"count":0,"href":"https:\/\/migracao.redenoticia.com.br\/noticia\/wp-json\/wp\/v2\/posts\/47797\/revisions"}],"wp:featuredmedia":[{"embeddable":true,"href":"https:\/\/migracao.redenoticia.com.br\/noticia\/wp-json\/wp\/v2\/media\/21774"}],"wp:attachment":[{"href":"https:\/\/migracao.redenoticia.com.br\/noticia\/wp-json\/wp\/v2\/media?parent=47797"}],"wp:term":[{"taxonomy":"category","embeddable":true,"href":"https:\/\/migracao.redenoticia.com.br\/noticia\/wp-json\/wp\/v2\/categories?post=47797"},{"taxonomy":"post_tag","embeddable":true,"href":"https:\/\/migracao.redenoticia.com.br\/noticia\/wp-json\/wp\/v2\/tags?post=47797"}],"curies":[{"name":"wp","href":"https:\/\/api.w.org\/{rel}","templated":true}]}}