{"id":47799,"date":"2013-09-23T16:48:47","date_gmt":"2013-09-23T19:48:47","guid":{"rendered":"http:\/\/www.redenoticia.com.br\/noticia\/?p=47799"},"modified":"2013-09-23T16:48:47","modified_gmt":"2013-09-23T19:48:47","slug":"impostometro-marca-r-11-trilhao","status":"publish","type":"post","link":"https:\/\/migracao.redenoticia.com.br\/noticia\/2013\/impostometro-marca-r-11-trilhao\/47799","title":{"rendered":"Impost\u00f4metro marca R$ 1,1 trilh\u00e3o"},"content":{"rendered":"<p>O <em><strong>Impost\u00f4metro<\/strong> <\/em>da Associa\u00e7\u00e3o Comercial de S\u00e3o Paulo atinge R$ 1,1 trilh\u00e3o nesta ter\u00e7a-feira (24\/9). Esse \u00e9 o montante pago em tributos por todos os brasileiros para Uni\u00e3o, estados e munic\u00edpios.\u00a0Em 2012, a marca de R$ 1,1 trilh\u00e3o foi alcan\u00e7ada no dia 7\/10, o que revela aumento da carga tribut\u00e1ria.<\/p>\n<p>\u201cO Brasil apresenta a maior carga tribut\u00e1ria entre os pa\u00edses considerados emergentes, e supera inclusive a de algumas na\u00e7\u00f5es altamente desenvolvidas como Estados Unidos e Jap\u00e3o. E n\u00e3o temos o retorno de todo esse dinheiro\u201d, afirma o presidente da ACSP e da Federa\u00e7\u00e3o das Associa\u00e7\u00f5es Comerciais do Estado de S\u00e3o Paulo (Facesp), Rog\u00e9rio Amato.<\/p>\n<p>A proje\u00e7\u00e3o \u00e9 que at\u00e9 o final de 2013 o Impost\u00f4metro marque R$ 1,7 trilh\u00e3o.<\/p>\n<p>Para se ter uma ideia dessa carga, a ACSP separou a porcentagem de tributos embutidos nos pre\u00e7os de alguns produtos eletr\u00f4nicos. Quem for comprar um aparelho MP3 ou iPod paga 49,45% s\u00f3 de impostos. No caso de iPad ou tablet, chega a 39,12%. No pre\u00e7o do Playstation, e tamb\u00e9m dos cartuchos de jogos para videogames, 72,18% s\u00e3o tributos.<\/p>\n<p>Veja lista de porcentagens de impostos em produtos eletr\u00f4nicos:<\/p>\n<p>Produto Carga Tribut\u00e1ria<br \/>\nAparelho de som 36,80%<br \/>\nAparelho MP3 ou iPOD 49,45%<br \/>\nDVD (aparelho) 50,39%<br \/>\nDVD (cartucho\/CD) 44,20%<br \/>\nGravador 52,20%<br \/>\niPAD ou Tablet 39,12%<br \/>\nImpressora 33,67%<br \/>\nJogos (cartucho\/CD) 72,18%<br \/>\nMicro Computador (at\u00e9 R$ 3.000) 24,30%<br \/>\nMicro Computador (acima de R$ 3.000) 33,62%<br \/>\nTelefone celular 39,80%<br \/>\nPlaystation (videogame) 72,18%<br \/>\nFonte: IBPT<\/p>\n<p><span style=\"font-size: 13px; line-height: 19px;\">Sobre a ACSP<\/span><\/p>\n<p>A Associa\u00e7\u00e3o Comercial de S\u00e3o Paulo (ACSP), em seus 118 anos de hist\u00f3ria, \u00e9 considerada a voz do empreendedor paulistano. A institui\u00e7\u00e3o atua diretamente na defesa da livre iniciativa e, ao longo de sua trajet\u00f3ria, tem estado sempre ao lado da pequena e m\u00e9dia empresa, dos profissionais liberais, contribuindo para o desenvolvimento do com\u00e9rcio, da ind\u00fastria e da presta\u00e7\u00e3o de servi\u00e7os no Pa\u00eds.<\/p>\n","protected":false},"excerpt":{"rendered":"<p>O Impost\u00f4metro da Associa\u00e7\u00e3o Comercial de S\u00e3o Paulo atinge R$ 1,1 trilh\u00e3o nesta ter\u00e7a-feira (24\/9). Esse \u00e9 o montante pago em tributos por todos os brasileiros para Uni\u00e3o, estados e munic\u00edpios.\u00a0Em 2012, a marca de R$ 1,1 trilh\u00e3o foi alcan\u00e7ada no dia 7\/10, o que revela aumento da carga tribut\u00e1ria. \u201cO Brasil apresenta a maior [&hellip;]<\/p>\n","protected":false},"author":2,"featured_media":38940,"comment_status":"closed","ping_status":"closed","sticky":false,"template":"","format":"standard","meta":{"tdm_status":"","tdm_grid_status":"","footnotes":""},"categories":[22,7],"tags":[],"class_list":{"0":"post-47799","1":"post","2":"type-post","3":"status-publish","4":"format-standard","5":"has-post-thumbnail","7":"category-brasil","8":"category-economia"},"_links":{"self":[{"href":"https:\/\/migracao.redenoticia.com.br\/noticia\/wp-json\/wp\/v2\/posts\/47799","targetHints":{"allow":["GET"]}}],"collection":[{"href":"https:\/\/migracao.redenoticia.com.br\/noticia\/wp-json\/wp\/v2\/posts"}],"about":[{"href":"https:\/\/migracao.redenoticia.com.br\/noticia\/wp-json\/wp\/v2\/types\/post"}],"author":[{"embeddable":true,"href":"https:\/\/migracao.redenoticia.com.br\/noticia\/wp-json\/wp\/v2\/users\/2"}],"replies":[{"embeddable":true,"href":"https:\/\/migracao.redenoticia.com.br\/noticia\/wp-json\/wp\/v2\/comments?post=47799"}],"version-history":[{"count":0,"href":"https:\/\/migracao.redenoticia.com.br\/noticia\/wp-json\/wp\/v2\/posts\/47799\/revisions"}],"wp:featuredmedia":[{"embeddable":true,"href":"https:\/\/migracao.redenoticia.com.br\/noticia\/wp-json\/wp\/v2\/media\/38940"}],"wp:attachment":[{"href":"https:\/\/migracao.redenoticia.com.br\/noticia\/wp-json\/wp\/v2\/media?parent=47799"}],"wp:term":[{"taxonomy":"category","embeddable":true,"href":"https:\/\/migracao.redenoticia.com.br\/noticia\/wp-json\/wp\/v2\/categories?post=47799"},{"taxonomy":"post_tag","embeddable":true,"href":"https:\/\/migracao.redenoticia.com.br\/noticia\/wp-json\/wp\/v2\/tags?post=47799"}],"curies":[{"name":"wp","href":"https:\/\/api.w.org\/{rel}","templated":true}]}}