{"id":47801,"date":"2013-09-23T16:51:30","date_gmt":"2013-09-23T19:51:30","guid":{"rendered":"http:\/\/www.redenoticia.com.br\/noticia\/?p=47801"},"modified":"2013-09-23T16:51:30","modified_gmt":"2013-09-23T19:51:30","slug":"estimativa-do-mercado-para-o-ipca-2013-esta-em-581","status":"publish","type":"post","link":"https:\/\/migracao.redenoticia.com.br\/noticia\/2013\/estimativa-do-mercado-para-o-ipca-2013-esta-em-581\/47801","title":{"rendered":"Estimativa do mercado para o IPCA 2013 est\u00e1 em 5,81%"},"content":{"rendered":"<p>Bras\u00edlia \u2013 A <strong><em>infla\u00e7\u00e3o<\/em><\/strong> este ano deve ficar em 5,81%, de acordo proje\u00e7\u00e3o de institui\u00e7\u00f5es financeiras consultadas pelo Banco Central (BC). A previs\u00e3o anterior para o \u00cdndice Nacional de Pre\u00e7os ao Consumidor Amplo (IPCA) era 5,82%. Para 2014, a estimativa para a infla\u00e7\u00e3o subiu, pela terceira vez seguida, ao passar de 5,90% para 5,96%.<\/p>\n<p>As proje\u00e7\u00f5es para o IPCA est\u00e3o acima do centro da meta de infla\u00e7\u00e3o, 4,5%, mas abaixo do limite superior de 6,5%. Cabe ao BC fazer com que a infla\u00e7\u00e3o convirja para a meta. Um dos instrumentos usados para influenciar a atividade econ\u00f4mica e, por consequ\u00eancia, a infla\u00e7\u00e3o, \u00e9 a taxa b\u00e1sica de juros, a Selic. Essa taxa est\u00e1 atualmente em 9% ao ano. Para as institui\u00e7\u00f5es financeiras, ao final de 2013, a Selic estar\u00e1 em 9,75% ao ano, a mesma estimativa feita h\u00e1 duas semanas. Essa tamb\u00e9m \u00e9 a expectativa para o final do pr\u00f3ximo ano.<\/p>\n<p>A pesquisa do BC tamb\u00e9m traz a mediana das expectativas para a infla\u00e7\u00e3o medida pelo \u00cdndice de Pre\u00e7os ao Consumidor da Funda\u00e7\u00e3o Instituto de Pesquisas Econ\u00f4micas (IPC-Fipe), que continua em 4,25%, este ano, mas foi ajustada de 5,27% para 5,36%, em 2014.<\/p>\n<p>A proje\u00e7\u00e3o para o \u00cdndice Geral de Pre\u00e7os \u2013 Disponibilidade Interna (IGP-DI) foi alterada de 5% para 5,58%, este ano, e de 5,80% para 5,91% em 2014. Para o \u00cdndice Geral de Pre\u00e7os de Mercado (IGP-M), as proje\u00e7\u00f5es foram ajustadas de 5% para 5,20%, este ano, e de 5,79% para 5,75% em 2014.<\/p>\n<p>Kelly Oliveira<br \/>\nRep\u00f3rter da Ag\u00eancia Brasil<br \/>\nEdi\u00e7\u00e3o: Davi Oliveira<\/p>\n","protected":false},"excerpt":{"rendered":"<p>Bras\u00edlia \u2013 A infla\u00e7\u00e3o este ano deve ficar em 5,81%, de acordo proje\u00e7\u00e3o de institui\u00e7\u00f5es financeiras consultadas pelo Banco Central (BC). A previs\u00e3o anterior para o \u00cdndice Nacional de Pre\u00e7os ao Consumidor Amplo (IPCA) era 5,82%. Para 2014, a estimativa para a infla\u00e7\u00e3o subiu, pela terceira vez seguida, ao passar de 5,90% para 5,96%. As [&hellip;]<\/p>\n","protected":false},"author":2,"featured_media":34916,"comment_status":"closed","ping_status":"closed","sticky":false,"template":"","format":"standard","meta":{"tdm_status":"","tdm_grid_status":"","footnotes":""},"categories":[22,7],"tags":[],"class_list":{"0":"post-47801","1":"post","2":"type-post","3":"status-publish","4":"format-standard","5":"has-post-thumbnail","7":"category-brasil","8":"category-economia"},"_links":{"self":[{"href":"https:\/\/migracao.redenoticia.com.br\/noticia\/wp-json\/wp\/v2\/posts\/47801","targetHints":{"allow":["GET"]}}],"collection":[{"href":"https:\/\/migracao.redenoticia.com.br\/noticia\/wp-json\/wp\/v2\/posts"}],"about":[{"href":"https:\/\/migracao.redenoticia.com.br\/noticia\/wp-json\/wp\/v2\/types\/post"}],"author":[{"embeddable":true,"href":"https:\/\/migracao.redenoticia.com.br\/noticia\/wp-json\/wp\/v2\/users\/2"}],"replies":[{"embeddable":true,"href":"https:\/\/migracao.redenoticia.com.br\/noticia\/wp-json\/wp\/v2\/comments?post=47801"}],"version-history":[{"count":0,"href":"https:\/\/migracao.redenoticia.com.br\/noticia\/wp-json\/wp\/v2\/posts\/47801\/revisions"}],"wp:featuredmedia":[{"embeddable":true,"href":"https:\/\/migracao.redenoticia.com.br\/noticia\/wp-json\/wp\/v2\/media\/34916"}],"wp:attachment":[{"href":"https:\/\/migracao.redenoticia.com.br\/noticia\/wp-json\/wp\/v2\/media?parent=47801"}],"wp:term":[{"taxonomy":"category","embeddable":true,"href":"https:\/\/migracao.redenoticia.com.br\/noticia\/wp-json\/wp\/v2\/categories?post=47801"},{"taxonomy":"post_tag","embeddable":true,"href":"https:\/\/migracao.redenoticia.com.br\/noticia\/wp-json\/wp\/v2\/tags?post=47801"}],"curies":[{"name":"wp","href":"https:\/\/api.w.org\/{rel}","templated":true}]}}