{"id":47803,"date":"2013-09-23T16:53:44","date_gmt":"2013-09-23T19:53:44","guid":{"rendered":"http:\/\/www.redenoticia.com.br\/noticia\/?p=47803"},"modified":"2013-09-23T16:53:44","modified_gmt":"2013-09-23T19:53:44","slug":"dolar-deve-fechar-o-ano-cotado-em-r-233-segundo-boletim-do-bc","status":"publish","type":"post","link":"https:\/\/migracao.redenoticia.com.br\/noticia\/2013\/dolar-deve-fechar-o-ano-cotado-em-r-233-segundo-boletim-do-bc\/47803","title":{"rendered":"D\u00f3lar deve fechar o ano cotado em R$ 2,33, segundo boletim do BC"},"content":{"rendered":"<p>Bras\u00edlia \u2013 O <em><strong>d\u00f3lar<\/strong> <\/em>deve chegar ao final deste ano cotado a R$ 2,33. Essa \u00e9 a previs\u00e3o de institui\u00e7\u00f5es financeiras consultadas pelo Banco Central (BC) sobre os principais indicadores econ\u00f4micos. A previs\u00e3o anterior era R$ 2,35. Para fim de 2014, a estimativa para a cota\u00e7\u00e3o do d\u00f3lar segue em R$ 2,40.<\/p>\n<p>A estimativa para o super\u00e1vit comercial, saldo positivo de exporta\u00e7\u00f5es menos importa\u00e7\u00f5es, ficou em US$ 2 bilh\u00f5es este ano e em US$ 10 bilh\u00f5es, em 2014. Os n\u00fameros s\u00e3o do boletim Focus, divulgado semanalmente pelo BC.<\/p>\n<p>A previs\u00e3o das institui\u00e7\u00f5es financeiras para o saldo negativo em transa\u00e7\u00f5es correntes (registro das transa\u00e7\u00f5es de compra e venda de mercadorias e servi\u00e7os do Brasil com o exterior) segue em US$ 78 bilh\u00f5es, este ano, mas foi ajustada de US$ 77 bilh\u00f5es para US$ 76,45 bilh\u00f5es, em 2014.<\/p>\n<p>A expectativa para o investimento estrangeiro direto (recursos que v\u00e3o para o setor produtivo do pa\u00eds) foi mantida em US$ 60 bilh\u00f5es tanto para 2013 quanto para o pr\u00f3ximo ano.<\/p>\n<p>A estimativa para a expans\u00e3o do Produto Interno Bruto (PIB), soma de todos os bens e servi\u00e7os produzidos no pa\u00eds, se mant\u00e9m em 2,40% este ano e em 2,22% no pr\u00f3ximo.<\/p>\n<p>A estimativa para a expans\u00e3o da produ\u00e7\u00e3o industrial passou de 2,12% para 2,10%, este ano, e de 2,65% para 2,50%, em 2014.<\/p>\n<p>A proje\u00e7\u00e3o das institui\u00e7\u00f5es financeiras para a rela\u00e7\u00e3o entre a d\u00edvida l\u00edquida do setor p\u00fablico e o PIB foi ajustada de 34,75% para 34,70%, este ano, e de 34,70% para 34,80%, no pr\u00f3ximo ano.<\/p>\n<p>Kelly Oliveira<br \/>\nRep\u00f3rter da Ag\u00eancia Brasil<br \/>\nEdi\u00e7\u00e3o: Davi Oliveira<\/p>\n","protected":false},"excerpt":{"rendered":"<p>Bras\u00edlia \u2013 O d\u00f3lar deve chegar ao final deste ano cotado a R$ 2,33. Essa \u00e9 a previs\u00e3o de institui\u00e7\u00f5es financeiras consultadas pelo Banco Central (BC) sobre os principais indicadores econ\u00f4micos. A previs\u00e3o anterior era R$ 2,35. Para fim de 2014, a estimativa para a cota\u00e7\u00e3o do d\u00f3lar segue em R$ 2,40. A estimativa para [&hellip;]<\/p>\n","protected":false},"author":2,"featured_media":40734,"comment_status":"closed","ping_status":"closed","sticky":false,"template":"","format":"standard","meta":{"tdm_status":"","tdm_grid_status":"","footnotes":""},"categories":[22,7],"tags":[],"class_list":{"0":"post-47803","1":"post","2":"type-post","3":"status-publish","4":"format-standard","5":"has-post-thumbnail","7":"category-brasil","8":"category-economia"},"_links":{"self":[{"href":"https:\/\/migracao.redenoticia.com.br\/noticia\/wp-json\/wp\/v2\/posts\/47803","targetHints":{"allow":["GET"]}}],"collection":[{"href":"https:\/\/migracao.redenoticia.com.br\/noticia\/wp-json\/wp\/v2\/posts"}],"about":[{"href":"https:\/\/migracao.redenoticia.com.br\/noticia\/wp-json\/wp\/v2\/types\/post"}],"author":[{"embeddable":true,"href":"https:\/\/migracao.redenoticia.com.br\/noticia\/wp-json\/wp\/v2\/users\/2"}],"replies":[{"embeddable":true,"href":"https:\/\/migracao.redenoticia.com.br\/noticia\/wp-json\/wp\/v2\/comments?post=47803"}],"version-history":[{"count":0,"href":"https:\/\/migracao.redenoticia.com.br\/noticia\/wp-json\/wp\/v2\/posts\/47803\/revisions"}],"wp:featuredmedia":[{"embeddable":true,"href":"https:\/\/migracao.redenoticia.com.br\/noticia\/wp-json\/wp\/v2\/media\/40734"}],"wp:attachment":[{"href":"https:\/\/migracao.redenoticia.com.br\/noticia\/wp-json\/wp\/v2\/media?parent=47803"}],"wp:term":[{"taxonomy":"category","embeddable":true,"href":"https:\/\/migracao.redenoticia.com.br\/noticia\/wp-json\/wp\/v2\/categories?post=47803"},{"taxonomy":"post_tag","embeddable":true,"href":"https:\/\/migracao.redenoticia.com.br\/noticia\/wp-json\/wp\/v2\/tags?post=47803"}],"curies":[{"name":"wp","href":"https:\/\/api.w.org\/{rel}","templated":true}]}}