{"id":47834,"date":"2013-09-24T16:12:00","date_gmt":"2013-09-24T19:12:00","guid":{"rendered":"http:\/\/www.redenoticia.com.br\/noticia\/?p=47834"},"modified":"2013-09-24T16:12:00","modified_gmt":"2013-09-24T19:12:00","slug":"hidreletrica-santo-antonio-tera-capacidade-ampliada-em-quase-420-megawatts","status":"publish","type":"post","link":"https:\/\/migracao.redenoticia.com.br\/noticia\/2013\/hidreletrica-santo-antonio-tera-capacidade-ampliada-em-quase-420-megawatts\/47834","title":{"rendered":"Hidrel\u00e9trica Santo Ant\u00f4nio ter\u00e1 capacidade ampliada em quase 420 megawatts"},"content":{"rendered":"<p>Bras\u00edlia &#8211; Respons\u00e1vel pela constru\u00e7\u00e3o e opera\u00e7\u00e3o da Usina <em><strong>Hidrel\u00e9trica Santo Ant\u00f4nio<\/strong><\/em>, no Rio Madeira (RO), a empresa Santo Ant\u00f4nio Energia anunciou hoje (24) que ampliar\u00e1 em 417,6 megawatts (MW) a capacidade de produ\u00e7\u00e3o da usina. O aumento se deve \u00e0 amplia\u00e7\u00e3o da usina, que passar\u00e1 a produzir mais 206 MW m\u00e9dios em consequ\u00eancia da autoriza\u00e7\u00e3o da Ag\u00eancia Nacional de Energia El\u00e9trica (Aneel) para aumentar em 80 cent\u00edmetros o reservat\u00f3rio. Com isso ser\u00e1 poss\u00edvel instalar mais seis turbinas no empreendimento.<\/p>\n<p>O projeto original previa um reservat\u00f3rio de 350 quil\u00f4metros quadrados (Km2). Com a amplia\u00e7\u00e3o, a \u00e1rea passar\u00e1 a ter 421 km2. Ser\u00e1 investido R$ 1,5 bilh\u00e3o, al\u00e9m dos R$ 16 bilh\u00f5es previstos para o projeto, que passar\u00e1 a ter 50 turbinas. A pot\u00eancia da usina passar\u00e1 de 3.150,4 MW para 3.568 MW. Com a amplia\u00e7\u00e3o, de 206,2 MW m\u00e9dios, a usina passar\u00e1 a ter uma garantia f\u00edsica de 2.424,2 MW m\u00e9dios.<\/p>\n<p>O aumento da \u00e1rea alagada ter\u00e1 reflexos na Usina Hidrel\u00e9trica Jirau, tamb\u00e9m localizada na regi\u00e3o. Segundo a empresa respons\u00e1vel por Jirau \u2013 a Energia Sustent\u00e1vel do Brasil \u2013 o empreendimento perderia 57 MW m\u00e9dios. A quest\u00e3o foi para a Aneel, que determinou repasse de 24,3 MW m\u00e9dios como forma de compensa\u00e7\u00e3o.<\/p>\n<p>A Santo Ant\u00f4nio Energia, no entanto, considerou o repasse alto. \u201cNossa avalia\u00e7\u00e3o \u00e9 que esse repasse afetar\u00e1 negativamente o equil\u00edbrio econ\u00f4mico e financeiro do projeto. Por isso, j\u00e1 apresentamos um recurso administrativo que pede \u00e0 Aneel rever a decis\u00e3o\u201d, disse o presidente da empresa, Eduardo Melo Pinto. A empresa consultar\u00e1 seus acionistas para estudar a possibilidade de entrar ou n\u00e3o na Justi\u00e7a, caso n\u00e3o tenha uma resposta positiva da Aneel.<\/p>\n<p>Para instalar mais seis turbinas foi necess\u00e1rio ampliar em 12 meses o cronograma da obra. Com isso, a conclus\u00e3o dela est\u00e1 prevista para novembro de 2016.<\/p>\n<p>Pedro Peduzzi<br \/>\nRep\u00f3rter da Ag\u00eancia Brasil<br \/>\nEdi\u00e7\u00e3o: Talita Cavalcante<\/p>\n","protected":false},"excerpt":{"rendered":"<p>Bras\u00edlia &#8211; Respons\u00e1vel pela constru\u00e7\u00e3o e opera\u00e7\u00e3o da Usina Hidrel\u00e9trica Santo Ant\u00f4nio, no Rio Madeira (RO), a empresa Santo Ant\u00f4nio Energia anunciou hoje (24) que ampliar\u00e1 em 417,6 megawatts (MW) a capacidade de produ\u00e7\u00e3o da usina. O aumento se deve \u00e0 amplia\u00e7\u00e3o da usina, que passar\u00e1 a produzir mais 206 MW m\u00e9dios em consequ\u00eancia da [&hellip;]<\/p>\n","protected":false},"author":2,"featured_media":38940,"comment_status":"closed","ping_status":"closed","sticky":false,"template":"","format":"standard","meta":{"tdm_status":"","tdm_grid_status":"","footnotes":""},"categories":[22],"tags":[],"class_list":{"0":"post-47834","1":"post","2":"type-post","3":"status-publish","4":"format-standard","5":"has-post-thumbnail","7":"category-brasil"},"_links":{"self":[{"href":"https:\/\/migracao.redenoticia.com.br\/noticia\/wp-json\/wp\/v2\/posts\/47834","targetHints":{"allow":["GET"]}}],"collection":[{"href":"https:\/\/migracao.redenoticia.com.br\/noticia\/wp-json\/wp\/v2\/posts"}],"about":[{"href":"https:\/\/migracao.redenoticia.com.br\/noticia\/wp-json\/wp\/v2\/types\/post"}],"author":[{"embeddable":true,"href":"https:\/\/migracao.redenoticia.com.br\/noticia\/wp-json\/wp\/v2\/users\/2"}],"replies":[{"embeddable":true,"href":"https:\/\/migracao.redenoticia.com.br\/noticia\/wp-json\/wp\/v2\/comments?post=47834"}],"version-history":[{"count":0,"href":"https:\/\/migracao.redenoticia.com.br\/noticia\/wp-json\/wp\/v2\/posts\/47834\/revisions"}],"wp:featuredmedia":[{"embeddable":true,"href":"https:\/\/migracao.redenoticia.com.br\/noticia\/wp-json\/wp\/v2\/media\/38940"}],"wp:attachment":[{"href":"https:\/\/migracao.redenoticia.com.br\/noticia\/wp-json\/wp\/v2\/media?parent=47834"}],"wp:term":[{"taxonomy":"category","embeddable":true,"href":"https:\/\/migracao.redenoticia.com.br\/noticia\/wp-json\/wp\/v2\/categories?post=47834"},{"taxonomy":"post_tag","embeddable":true,"href":"https:\/\/migracao.redenoticia.com.br\/noticia\/wp-json\/wp\/v2\/tags?post=47834"}],"curies":[{"name":"wp","href":"https:\/\/api.w.org\/{rel}","templated":true}]}}