{"id":47836,"date":"2013-09-24T16:17:19","date_gmt":"2013-09-24T19:17:19","guid":{"rendered":"http:\/\/www.redenoticia.com.br\/noticia\/?p=47836"},"modified":"2013-09-24T16:17:19","modified_gmt":"2013-09-24T19:17:19","slug":"unesp-recebe-inscricoes-para-o-vestibular-2014","status":"publish","type":"post","link":"https:\/\/migracao.redenoticia.com.br\/noticia\/2013\/unesp-recebe-inscricoes-para-o-vestibular-2014\/47836","title":{"rendered":"Unesp recebe inscri\u00e7\u00f5es para o Vestibular 2014"},"content":{"rendered":"<p>Termina no dia 15 de outubro o prazo de inscri\u00e7\u00e3o no <em><strong>Vestibular 2014 da Unesp<\/strong><\/em> (Universidade Estadual Paulista). Ser\u00e3o 7.259 vagas em 171 op\u00e7\u00f5es de cursos, que ser\u00e3o distribu\u00eddas em unidades localizadas em 23 cidades. As inscri\u00e7\u00f5es devem ser feitas\u00a0pelo\u00a0<a href=\"http:\/\/www.vunesp.com.br\/vnsp1308\/\" target=\"_blank\">site da Funda\u00e7\u00e3o Vunesp<\/a>.<\/p>\n<p>Veja os calend\u00e1rios das exames que selecionar\u00e3o alunos da USP, da Unesp e da Unicamp.<\/p>\n<p>Unesp 2014:<\/p>\n<p>&#8211; Inscri\u00e7\u00f5es &#8211; de 16 de setembro a 15 de outubro de 2013<br \/>\n&#8211; Exame da primeira fase &#8211; 17 de novembro de 2013<br \/>\n&#8211; Exames da segunda fase &#8211; 15 e 16 de dezembro de 2013<br \/>\n&#8211; Primeira chamada &#8211; 27 de janeiro de 2014<\/p>\n<p>Fuvest 2014:<\/p>\n<p>&#8211; Inscri\u00e7\u00f5es encerradas em 9 de setembro de 2013<br \/>\n&#8211; Exame da primeira fase &#8211; 24 de novembro de 2013<br \/>\n&#8211; Exames da segunda fase &#8211; de 5 a 7 de janeiro de 2014<br \/>\n&#8211; Primeira chamada &#8211; 1\u00ba de fevereiro de 2014<\/p>\n<p>Unicamp 2014:<\/p>\n<p>&#8211; Inscri\u00e7\u00f5es encerradas em 13 de setembro de 2013<br \/>\n&#8211; Exame da primeira fase &#8211; 10 de novembro de 2013<br \/>\n&#8211; Exames da segunda fase &#8211; de 12 a 14 de janeiro de 2014<br \/>\n&#8211; Provas de habilidades espec\u00edficas &#8211; de 20 a 23 de janeiro de 2014<br \/>\n&#8211; Divulga\u00e7\u00e3o da chamada para matr\u00edcula virtual &#8211; 3 de fevereiro de 2014<br \/>\n&#8211; Matr\u00edcula virtual &#8211; dias 4 e 5 de fevereiro de 2014<br \/>\n&#8211; Divulga\u00e7\u00e3o da 1\u00aa chamada para matr\u00edcula presencial &#8211; 7 de fevereiro de 2014<br \/>\n&#8211; Matr\u00edcula da 1\u00aa chamada &#8211; 12 de fevereiro de 2014<\/p>\n<p>Do Portal do Governo do Estado<\/p>\n","protected":false},"excerpt":{"rendered":"<p>Termina no dia 15 de outubro o prazo de inscri\u00e7\u00e3o no Vestibular 2014 da Unesp (Universidade Estadual Paulista). Ser\u00e3o 7.259 vagas em 171 op\u00e7\u00f5es de cursos, que ser\u00e3o distribu\u00eddas em unidades localizadas em 23 cidades. As inscri\u00e7\u00f5es devem ser feitas\u00a0pelo\u00a0site da Funda\u00e7\u00e3o Vunesp. Veja os calend\u00e1rios das exames que selecionar\u00e3o alunos da USP, da Unesp [&hellip;]<\/p>\n","protected":false},"author":2,"featured_media":36244,"comment_status":"closed","ping_status":"closed","sticky":false,"template":"","format":"standard","meta":{"tdm_status":"","tdm_grid_status":"","footnotes":""},"categories":[22,370,295],"tags":[],"class_list":{"0":"post-47836","1":"post","2":"type-post","3":"status-publish","4":"format-standard","5":"has-post-thumbnail","7":"category-brasil","8":"category-inscricao","9":"category-vestibular"},"_links":{"self":[{"href":"https:\/\/migracao.redenoticia.com.br\/noticia\/wp-json\/wp\/v2\/posts\/47836","targetHints":{"allow":["GET"]}}],"collection":[{"href":"https:\/\/migracao.redenoticia.com.br\/noticia\/wp-json\/wp\/v2\/posts"}],"about":[{"href":"https:\/\/migracao.redenoticia.com.br\/noticia\/wp-json\/wp\/v2\/types\/post"}],"author":[{"embeddable":true,"href":"https:\/\/migracao.redenoticia.com.br\/noticia\/wp-json\/wp\/v2\/users\/2"}],"replies":[{"embeddable":true,"href":"https:\/\/migracao.redenoticia.com.br\/noticia\/wp-json\/wp\/v2\/comments?post=47836"}],"version-history":[{"count":0,"href":"https:\/\/migracao.redenoticia.com.br\/noticia\/wp-json\/wp\/v2\/posts\/47836\/revisions"}],"wp:featuredmedia":[{"embeddable":true,"href":"https:\/\/migracao.redenoticia.com.br\/noticia\/wp-json\/wp\/v2\/media\/36244"}],"wp:attachment":[{"href":"https:\/\/migracao.redenoticia.com.br\/noticia\/wp-json\/wp\/v2\/media?parent=47836"}],"wp:term":[{"taxonomy":"category","embeddable":true,"href":"https:\/\/migracao.redenoticia.com.br\/noticia\/wp-json\/wp\/v2\/categories?post=47836"},{"taxonomy":"post_tag","embeddable":true,"href":"https:\/\/migracao.redenoticia.com.br\/noticia\/wp-json\/wp\/v2\/tags?post=47836"}],"curies":[{"name":"wp","href":"https:\/\/api.w.org\/{rel}","templated":true}]}}