{"id":47838,"date":"2013-09-24T16:20:27","date_gmt":"2013-09-24T19:20:27","guid":{"rendered":"http:\/\/www.redenoticia.com.br\/noticia\/?p=47838"},"modified":"2013-09-24T16:20:27","modified_gmt":"2013-09-24T19:20:27","slug":"inadimplencia-das-empresas-recua-35-em-agosto-aponta-serasa","status":"publish","type":"post","link":"https:\/\/migracao.redenoticia.com.br\/noticia\/2013\/inadimplencia-das-empresas-recua-35-em-agosto-aponta-serasa\/47838","title":{"rendered":"Inadimpl\u00eancia das empresas recua 3,5% em agosto, aponta Serasa"},"content":{"rendered":"<p>S\u00e3o Paulo \u2013 A <em><strong>inadimpl\u00eancia<\/strong><\/em> das empresas recuou 3,5% em agosto, com rela\u00e7\u00e3o a julho, de acordo com o \u00edndice divulgado hoje (24) pela empresa de consultoria Serasa Experian. Houve tamb\u00e9m uma queda de 0,7% na compara\u00e7\u00e3o de agosto deste ano com o mesmo m\u00eas de 2012. Por\u00e9m, nos oito primeiros meses deste ano, foi registrado aumento de 1,4%, quando comparado com o mesmo per\u00edodo do ano passado.<\/p>\n<p>Para os economistas da Serasa Experian, a queda da inadimpl\u00eancia entre as empresas brasileiras est\u00e1 diretamente relacionada ao recuo do \u00edndice entre os consumidores. Quando estes quitam suas d\u00edvidas de maneira mais efetiva, as empresas conseguem pagar as pr\u00f3prias.<\/p>\n<p>Com rela\u00e7\u00e3o aos cheques sem fundo, de acordo com a Serasa, entre janeiro e agosto deste ano, houve a maior alta, alcan\u00e7ando 10,0%, na compara\u00e7\u00e3o com ao mesmo per\u00edodo de 2012. J\u00e1 em agosto ante julho, ficou praticamente est\u00e1vel, com queda de 0,1%. O valor m\u00e9dio da inadimpl\u00eancia dos cheques \u00e9 R$ 2.461,93.<\/p>\n<p>Em seguida, aparecem as d\u00edvidas n\u00e3o banc\u00e1rias, como as de cart\u00e3o de cr\u00e9dito e das contas de \u00e1gua, luz e telefone, com crescimento de 6,2% em oito meses sobre igual acumulado de 2012. O valor m\u00e9dio das d\u00edvidas \u00e9 R$ 813,90. Em compara\u00e7\u00e3o ao m\u00eas anterior, houve recuo de 0,9%.<\/p>\n<p>J\u00e1 em rela\u00e7\u00e3o aos t\u00edtulos protestados, houve aumento de 5,3% ante os oito primeiros do ano passado. Por\u00e9m, no comparativo com julho, foi verificada queda (9,8%).<\/p>\n<p>A \u00fanica queda registrada em rela\u00e7\u00e3o aos meses de janeiro a agosto de 2012 foi das d\u00edvidas com banco, que recuaram 3,9%. Sobre o m\u00eas anterior, a queda foi menor (-3,3%).<\/p>\n<p>Da Ag\u00eancia Brasil<br \/>\nEdi\u00e7\u00e3o: Davi Oliveira<\/p>\n","protected":false},"excerpt":{"rendered":"<p>S\u00e3o Paulo \u2013 A inadimpl\u00eancia das empresas recuou 3,5% em agosto, com rela\u00e7\u00e3o a julho, de acordo com o \u00edndice divulgado hoje (24) pela empresa de consultoria Serasa Experian. Houve tamb\u00e9m uma queda de 0,7% na compara\u00e7\u00e3o de agosto deste ano com o mesmo m\u00eas de 2012. Por\u00e9m, nos oito primeiros meses deste ano, foi [&hellip;]<\/p>\n","protected":false},"author":2,"featured_media":38938,"comment_status":"closed","ping_status":"closed","sticky":false,"template":"","format":"standard","meta":{"tdm_status":"","tdm_grid_status":"","footnotes":""},"categories":[22,7],"tags":[],"class_list":{"0":"post-47838","1":"post","2":"type-post","3":"status-publish","4":"format-standard","5":"has-post-thumbnail","7":"category-brasil","8":"category-economia"},"_links":{"self":[{"href":"https:\/\/migracao.redenoticia.com.br\/noticia\/wp-json\/wp\/v2\/posts\/47838","targetHints":{"allow":["GET"]}}],"collection":[{"href":"https:\/\/migracao.redenoticia.com.br\/noticia\/wp-json\/wp\/v2\/posts"}],"about":[{"href":"https:\/\/migracao.redenoticia.com.br\/noticia\/wp-json\/wp\/v2\/types\/post"}],"author":[{"embeddable":true,"href":"https:\/\/migracao.redenoticia.com.br\/noticia\/wp-json\/wp\/v2\/users\/2"}],"replies":[{"embeddable":true,"href":"https:\/\/migracao.redenoticia.com.br\/noticia\/wp-json\/wp\/v2\/comments?post=47838"}],"version-history":[{"count":0,"href":"https:\/\/migracao.redenoticia.com.br\/noticia\/wp-json\/wp\/v2\/posts\/47838\/revisions"}],"wp:featuredmedia":[{"embeddable":true,"href":"https:\/\/migracao.redenoticia.com.br\/noticia\/wp-json\/wp\/v2\/media\/38938"}],"wp:attachment":[{"href":"https:\/\/migracao.redenoticia.com.br\/noticia\/wp-json\/wp\/v2\/media?parent=47838"}],"wp:term":[{"taxonomy":"category","embeddable":true,"href":"https:\/\/migracao.redenoticia.com.br\/noticia\/wp-json\/wp\/v2\/categories?post=47838"},{"taxonomy":"post_tag","embeddable":true,"href":"https:\/\/migracao.redenoticia.com.br\/noticia\/wp-json\/wp\/v2\/tags?post=47838"}],"curies":[{"name":"wp","href":"https:\/\/api.w.org\/{rel}","templated":true}]}}