{"id":4784,"date":"2009-07-07T09:15:01","date_gmt":"2009-07-07T13:15:01","guid":{"rendered":"http:\/\/www.redenoticia.com.br\/noticia\/?p=4784"},"modified":"2009-07-07T09:18:37","modified_gmt":"2009-07-07T13:18:37","slug":"o-programa-emprega-sao-paulo-100-mil-e-mail-ou-sms-a-candidatos-desde-1%c2%ba-de-marco","status":"publish","type":"post","link":"https:\/\/migracao.redenoticia.com.br\/noticia\/2009\/o-programa-emprega-sao-paulo-100-mil-e-mail-ou-sms-a-candidatos-desde-1%c2%ba-de-marco\/4784","title":{"rendered":"O Programa Emprega S\u00e3o Paulo enviou 100 mil e-mail ou SMS a candidatos desde 1\u00ba de mar\u00e7o"},"content":{"rendered":"<p><span style=\"font-size: 11pt; font-family: Arial; color: windowtext;\">O Governo de S\u00e3o Paulo est\u00e1 expandindo sua rela\u00e7\u00e3o com os cidad\u00e3os do Estado. As redes sociais j\u00e1 s\u00e3o ferramenta de comunica\u00e7\u00e3o em \u00f3rg\u00e3os como a Secretaria de Comunica\u00e7\u00e3o, a Secretaria de Agricultura e Abastecimento e a Funda\u00e7\u00e3o Casa. Algumas Secretarias, como a do Emprego e Rela\u00e7\u00f5es do Trabalho e a da Sa\u00fade, utilizam mensagens de celular incentivar a doa\u00e7\u00e3o de sangue ou avisar a um candidato que h\u00e1 uma vaga de emprego dispon\u00edvel.<\/span><\/p>\n<p>Desde abril de 2009, as redes sociais fazem parte da rotina da Secretaria de Comunica\u00e7\u00e3o, que mant\u00e9m perfis ativos em redes como Twitter (governosp), Orkut, YouTube, Flickr e Facebook. O objetivo da iniciativa \u00e9 prestar contas das a\u00e7\u00f5es de governo do Estado \u00e0 sociedade e, por meio dessas ferramentas, manter o cidad\u00e3o atualizado sobre as pol\u00edticas p\u00fablicas.<\/p>\n<p>A Secretaria de Agricultura e Abastecimento e a Funda\u00e7\u00e3o CASA tamb\u00e9m possuem perfis no twitter (agriculturasp e FundacaoCASA). Por meio desses meios, informam os seguidores sobre eventos, feiras e not\u00edcias.<\/p>\n<p>A Secretaria de Sa\u00fade criou um blog para &#8220;conversar&#8221; diretamente com o cidad\u00e3o. Todas as a\u00e7\u00f5es da Pasta, desde mutir\u00f5es at\u00e9 campanhas de vacina\u00e7\u00e3o, s\u00e3o postadas no ve\u00edculo informativo. As novidades est\u00e3o em <a href=\"http:\/\/www.saudeemacao.blogspot.com\/\" target=\"_blank\"><strong><span style=\"font-family: Arial; color: windowtext;\">http:\/\/www.saudeemacao.blogspot.com\/<\/span><\/strong><\/a>. A Secretaria de Gest\u00e3o P\u00fablica tamb\u00e9m mant\u00e9m um espa\u00e7o interativo na internet, onde divulga assuntos diversos que v\u00e3o desde a Campanha do Agasalho at\u00e9 a assinatura de acordos de outras Secretarias. O site \u00e9 <a href=\"http:\/\/secretariadegestao.blogspot.com\/\" target=\"_blank\"><strong><span style=\"font-family: Arial; color: windowtext;\">http:\/\/secretariadegestao.blogspot.com\/<\/span><\/strong><\/a>.<\/p>\n<p><strong><span style=\"font-family: Arial;\">Moderniza\u00e7\u00e3o dos servi\u00e7os<\/span><\/strong><\/p>\n<p>Uma pesquisa de 2008 do Comit\u00ea Gestor da Internet no Brasil mostra que 33% dos domic\u00edlios da regi\u00e3o sudeste do Brasil tem computador, 54% dos cidad\u00e3os tem acesso a internet e 70% dos cidad\u00e3os do Sudeste usam telefone celular.<\/p>\n<p>De olho nessa demanda, o Programa Emprega S\u00e3o Paulo, vinculado \u00e0 Secretaria de Emprego e Rela\u00e7\u00f5es do Trabalho (SERT), convoca candidatos a vagas de emprego por e-mail ou via mensagem de celular (SMS). Desde 1\u00ba de mar\u00e7o deste ano, foram enviadas mais de 100 mil mensagens.<\/p>\n<p>O envio de SMS far\u00e1 parte do cotidiano dos funcion\u00e1rios do Instituto do Cora\u00e7\u00e3o (Incor) do Hospital das Cl\u00ednicas. Eles v\u00e3o avisar os pacientes sobre consultas com 24h de anteced\u00eancia. Em breve, o Poupatempo tamb\u00e9m vai oferecer o servi\u00e7o para confirmar com anteced\u00eancia o hor\u00e1rio agendando para o cidad\u00e3o emitir o RG.<\/p>\n<p>J\u00e1 o usu\u00e1rio do Metr\u00f4 tem \u00e0 disposi\u00e7\u00e3o um servi\u00e7o de WAP, onde o usu\u00e1rio pode descobrir os destinos, conferir not\u00edcias e obter informa\u00e7\u00f5es sobre as viagens &#8211; o endere\u00e7o \u00e9 <a href=\"http:\/\/www.metrosp.mobi\/\" target=\"_blank\"><strong><span style=\"font-family: Arial; color: windowtext;\">www.metrosp.mobi<\/span><\/strong><\/a>.<\/p>\n<p>A tecnologia tamb\u00e9m chegou \u00e0s salas de aula. A Secretaria Estadual de Educa\u00e7\u00e3o implantou lousas digitais nas escolas p\u00fablicas de 26 escolas estaduais de Hortol\u00e2ndia, regi\u00e3o administrativa de Campinas. As lousas s\u00e3o fixadas na parede e funcionam como tel\u00f5es. Com um toque de dedo, os professores podem mudar de p\u00e1gina para ensinar a mat\u00e9ria para os alunos.<\/p>\n<p>&#8220;As ferramentas sociais de comunica\u00e7\u00e3o usadas pelo governo paulista s\u00e3o um canal interativo de presta\u00e7\u00e3o de contas ao cidad\u00e3o e de divulga\u00e7\u00e3o dos servi\u00e7os a ele oferecidos. Permitir o uso livre das novas ferramentas da internet nos \u00f3rg\u00e3os p\u00fablicos vai proporcionar um ambiente mais eficiente e favor\u00e1vel de relacionamento com o cidad\u00e3o&#8221;, afirmou o secret\u00e1rio de Gest\u00e3o P\u00fablica, Sidney Beraldo.<\/p>\n<p>Adepto da comunica\u00e7\u00e3o virtual, o governador de S\u00e3o Paulo Jos\u00e9 Serra \u00e9 um dos principais defensores do acesso irrestrito. Pelo seu twitter (joseserra_), Serra informa sobre inaugura\u00e7\u00f5es de pr\u00e9dios p\u00fablicos, anuncia investimentos, campanhas de sa\u00fade, entregas de obras, responde d\u00favidas, divulga balan\u00e7os e n\u00fameros, entre outras informa\u00e7\u00f5es.<\/p>\n<p><strong><span style=\"font-family: Arial;\">Nova determina\u00e7\u00e3o<\/span><\/strong><strong><br \/>\n<\/strong><br \/>\nUma resolu\u00e7\u00e3o da Secretaria de Gest\u00e3o P\u00fablica, publicada no Di\u00e1rio Oficial de 27 de junho, prev\u00ea a libera\u00e7\u00e3o do acesso \u00e0s redes sociais aos funcion\u00e1rios dos \u00f3rg\u00e3os p\u00fablicos. A nova regra exige que os \u00f3rg\u00e3os paulistas passem a ter acesso irrestrito no ambiente de trabalho \u00e0s novas ferramentas sociais da web 2.0, que servem como canais de comunica\u00e7\u00e3o, armazenamento e compartilhamento de arquivos. Antes da permiss\u00e3o, cada \u00f3rg\u00e3o estadual definia o uso da comunica\u00e7\u00e3o na rede e algumas \u00e1reas da administra\u00e7\u00e3o p\u00fablica restringiam parcial ou totalmente esses sites.<\/p>\n<p><a href=\"http:\/\/www.saopaulo.sp.gov.br\/spnoticias\/lenoticia.php?id=202696&amp;c=6\" target=\"_blank\"><\/a><a>Governo de S\u00e3o Paulo<\/a><\/p>\n","protected":false},"excerpt":{"rendered":"<p>O Governo de S\u00e3o Paulo est\u00e1 expandindo sua rela\u00e7\u00e3o com os cidad\u00e3os do Estado. As redes sociais j\u00e1 s\u00e3o ferramenta de comunica\u00e7\u00e3o em \u00f3rg\u00e3os como a Secretaria de Comunica\u00e7\u00e3o, a Secretaria de Agricultura e Abastecimento e a Funda\u00e7\u00e3o Casa. Algumas Secretarias, como a do Emprego e Rela\u00e7\u00f5es do Trabalho e a da Sa\u00fade, utilizam mensagens [&hellip;]<\/p>\n","protected":false},"author":3,"featured_media":0,"comment_status":"open","ping_status":"open","sticky":false,"template":"","format":"standard","meta":{"tdm_status":"","tdm_grid_status":"","footnotes":""},"categories":[22,7],"tags":[],"class_list":{"0":"post-4784","1":"post","2":"type-post","3":"status-publish","4":"format-standard","6":"category-brasil","7":"category-economia"},"_links":{"self":[{"href":"https:\/\/migracao.redenoticia.com.br\/noticia\/wp-json\/wp\/v2\/posts\/4784","targetHints":{"allow":["GET"]}}],"collection":[{"href":"https:\/\/migracao.redenoticia.com.br\/noticia\/wp-json\/wp\/v2\/posts"}],"about":[{"href":"https:\/\/migracao.redenoticia.com.br\/noticia\/wp-json\/wp\/v2\/types\/post"}],"author":[{"embeddable":true,"href":"https:\/\/migracao.redenoticia.com.br\/noticia\/wp-json\/wp\/v2\/users\/3"}],"replies":[{"embeddable":true,"href":"https:\/\/migracao.redenoticia.com.br\/noticia\/wp-json\/wp\/v2\/comments?post=4784"}],"version-history":[{"count":0,"href":"https:\/\/migracao.redenoticia.com.br\/noticia\/wp-json\/wp\/v2\/posts\/4784\/revisions"}],"wp:attachment":[{"href":"https:\/\/migracao.redenoticia.com.br\/noticia\/wp-json\/wp\/v2\/media?parent=4784"}],"wp:term":[{"taxonomy":"category","embeddable":true,"href":"https:\/\/migracao.redenoticia.com.br\/noticia\/wp-json\/wp\/v2\/categories?post=4784"},{"taxonomy":"post_tag","embeddable":true,"href":"https:\/\/migracao.redenoticia.com.br\/noticia\/wp-json\/wp\/v2\/tags?post=4784"}],"curies":[{"name":"wp","href":"https:\/\/api.w.org\/{rel}","templated":true}]}}