{"id":479,"date":"2009-04-13T22:30:08","date_gmt":"2009-04-14T02:30:08","guid":{"rendered":"http:\/\/www.redenoticia.com.br\/noticia\/2009\/04\/em-porto-velho-nao-diga-que-o-rei-esta-nu\/"},"modified":"2009-04-13T22:34:34","modified_gmt":"2009-04-14T02:34:34","slug":"em-porto-velho-nao-diga-que-o-rei-esta-nu","status":"publish","type":"post","link":"https:\/\/migracao.redenoticia.com.br\/noticia\/2009\/em-porto-velho-nao-diga-que-o-rei-esta-nu\/479","title":{"rendered":"Em Porto Velho, n\u00e3o diga que o rei est\u00e1 nu!"},"content":{"rendered":"<p style=\"BACKGROUND: white; MARGIN: 0cm 0cm 0pt; LINE-HEIGHT: 12pt\"><img loading=\"lazy\" decoding=\"async\" class=\"alignleft\" src=\"http:\/\/img16.imageshack.us\/img16\/8734\/reinu.jpg\" alt=\"\" width=\"181\" height=\"221\" \/>Eliane Brum<\/p>\n<p style=\"BACKGROUND: white; MARGIN: 0cm 0cm 0pt; LINE-HEIGHT: 12pt\">\n<p style=\"BACKGROUND: white; MARGIN-BOTTOM: 12pt; LINE-HEIGHT: 12pt\">Estive em Porto Velho, Rond\u00f4nia, no final de mar\u00e7o. No norte do pa\u00eds, o estado se prepara para a constru\u00e7\u00e3o de duas controvertidas usinas no Rio Madeira, Santo Antonio e Jirau, obras que s\u00e3o vitrines do Programa de Acelera\u00e7\u00e3o do Crescimento (PAC), do governo federal, e j\u00e1 mereceram visita recente do presidente Lula. Funcion\u00e1rios especializados das empresas dos cons\u00f3rcios respons\u00e1veis pela implanta\u00e7\u00e3o das usinas est\u00e3o chegando com suas fam\u00edlias para se instalar na capital pelos pr\u00f3ximos anos.<\/p>\n<p>Como sempre que viajo, por curiosidade pessoal e por obriga\u00e7\u00e3o profissional, gosto de ouvir as pessoas nas ruas. Em Porto Velho, as reclama\u00e7\u00f5es eram muitas. Os que est\u00e3o chegando, pelas dificuldades que encontram. Os que est\u00e3o l\u00e1, porque as dificuldades que j\u00e1 existiam multiplicaram-se com a chegada de mais gente. No domingo em que me despedi da cidade, a manchete de um dos jornais da capital era: &#8220;M\u00e9dicos amea\u00e7ados de morte nos postos de sa\u00fade da capital&#8221;. A causa: demora no atendimento.<\/p>\n<p><a href=\"http:\/\/revistaepoca.globo.com\/Revista\/Epoca\/0,,EMI68136-15230,00-EM+PORTO+VELHO+NAO+DIGA+QUE+O+REI+ESTA+NU.html\">Saiba mais<\/a><\/p>\n","protected":false},"excerpt":{"rendered":"<p>Eliane Brum Estive em Porto Velho, Rond\u00f4nia, no final de mar\u00e7o. No norte do pa\u00eds, o estado se prepara para a constru\u00e7\u00e3o de duas controvertidas usinas no Rio Madeira, Santo Antonio e Jirau, obras que s\u00e3o vitrines do Programa de Acelera\u00e7\u00e3o do Crescimento (PAC), do governo federal, e j\u00e1 mereceram visita recente do presidente Lula. [&hellip;]<\/p>\n","protected":false},"author":2,"featured_media":0,"comment_status":"open","ping_status":"open","sticky":false,"template":"","format":"standard","meta":{"tdm_status":"","tdm_grid_status":"","footnotes":""},"categories":[22],"tags":[],"class_list":{"0":"post-479","1":"post","2":"type-post","3":"status-publish","4":"format-standard","6":"category-brasil"},"_links":{"self":[{"href":"https:\/\/migracao.redenoticia.com.br\/noticia\/wp-json\/wp\/v2\/posts\/479","targetHints":{"allow":["GET"]}}],"collection":[{"href":"https:\/\/migracao.redenoticia.com.br\/noticia\/wp-json\/wp\/v2\/posts"}],"about":[{"href":"https:\/\/migracao.redenoticia.com.br\/noticia\/wp-json\/wp\/v2\/types\/post"}],"author":[{"embeddable":true,"href":"https:\/\/migracao.redenoticia.com.br\/noticia\/wp-json\/wp\/v2\/users\/2"}],"replies":[{"embeddable":true,"href":"https:\/\/migracao.redenoticia.com.br\/noticia\/wp-json\/wp\/v2\/comments?post=479"}],"version-history":[{"count":0,"href":"https:\/\/migracao.redenoticia.com.br\/noticia\/wp-json\/wp\/v2\/posts\/479\/revisions"}],"wp:attachment":[{"href":"https:\/\/migracao.redenoticia.com.br\/noticia\/wp-json\/wp\/v2\/media?parent=479"}],"wp:term":[{"taxonomy":"category","embeddable":true,"href":"https:\/\/migracao.redenoticia.com.br\/noticia\/wp-json\/wp\/v2\/categories?post=479"},{"taxonomy":"post_tag","embeddable":true,"href":"https:\/\/migracao.redenoticia.com.br\/noticia\/wp-json\/wp\/v2\/tags?post=479"}],"curies":[{"name":"wp","href":"https:\/\/api.w.org\/{rel}","templated":true}]}}