{"id":47902,"date":"2013-09-25T21:37:58","date_gmt":"2013-09-26T00:37:58","guid":{"rendered":"http:\/\/www.redenoticia.com.br\/noticia\/?p=47902"},"modified":"2013-09-25T21:37:58","modified_gmt":"2013-09-26T00:37:58","slug":"inflacao-avanca-em-sao-paulo","status":"publish","type":"post","link":"https:\/\/migracao.redenoticia.com.br\/noticia\/2013\/inflacao-avanca-em-sao-paulo\/47902","title":{"rendered":"Infla\u00e7\u00e3o avan\u00e7a em S\u00e3o Paulo"},"content":{"rendered":"<p>S\u00e3o Paulo &#8211; O <em><strong>\u00cdndice de Pre\u00e7os ao Consumidor<\/strong><\/em> (IPC), medido pela Funda\u00e7\u00e3o Instituto de Pesquisas Econ\u00f4micas (Fipe), na cidade de S\u00e3o Paulo avan\u00e7ou de 0,16% para 0,20%, na terceira pr\u00e9via do m\u00eas de setembro. Dos sete grupos pesquisados, o que mais influenciou essa alta foi o de habita\u00e7\u00e3o, embora tenha apresentado decr\u00e9scimo, passando de 0,43% para 0,38%.<\/p>\n<p>No per\u00edodo tamb\u00e9m foi constatada forte eleva\u00e7\u00e3o dos pre\u00e7os no grupo vestu\u00e1rio com varia\u00e7\u00e3o na m\u00e9dia de 0,88% quase o dobro da taxa anterior (0,44%). Em sa\u00fade, o \u00edndice subiu de 0,51% para 0,59%. No grupo despesas pessoais, os pre\u00e7os estavam, em m\u00e9dia 0,35%, maiores do que, na pr\u00e9via anterior. No entanto, caiu o ritmo de reajuste, pois na pesquisa passada houve alta de 0,54%.<\/p>\n<p>Em transportes, os pre\u00e7os voltaram a ser corrigidos para cima pela segunda vez seguida com varia\u00e7\u00e3o de 0,08% ante 0,02%. Nesse grupo, a taxa vinha sendo negativa desde a terceira pr\u00e9via de julho at\u00e9 a primeira quadrissemana de setembro.<\/p>\n<p>J\u00e1 em alimenta\u00e7\u00e3o, os pre\u00e7os ca\u00edram em m\u00e9dia 0,31%, na quarta queda seguida. Por\u00e9m, o recuo foi menos intenso do que na pr\u00e9via anterior (0,49%). E, em educa\u00e7\u00e3o, a taxa ficou est\u00e1vel em 0,10%.<\/p>\n<p>Marli Moreira<br \/>\nRep\u00f3rter da Ag\u00eancia<br \/>\nEdi\u00e7\u00e3o: Talita Cavalcante<\/p>\n","protected":false},"excerpt":{"rendered":"<p>S\u00e3o Paulo &#8211; O \u00cdndice de Pre\u00e7os ao Consumidor (IPC), medido pela Funda\u00e7\u00e3o Instituto de Pesquisas Econ\u00f4micas (Fipe), na cidade de S\u00e3o Paulo avan\u00e7ou de 0,16% para 0,20%, na terceira pr\u00e9via do m\u00eas de setembro. Dos sete grupos pesquisados, o que mais influenciou essa alta foi o de habita\u00e7\u00e3o, embora tenha apresentado decr\u00e9scimo, passando de [&hellip;]<\/p>\n","protected":false},"author":2,"featured_media":34916,"comment_status":"closed","ping_status":"closed","sticky":false,"template":"","format":"standard","meta":{"tdm_status":"","tdm_grid_status":"","footnotes":""},"categories":[22,7],"tags":[],"class_list":{"0":"post-47902","1":"post","2":"type-post","3":"status-publish","4":"format-standard","5":"has-post-thumbnail","7":"category-brasil","8":"category-economia"},"_links":{"self":[{"href":"https:\/\/migracao.redenoticia.com.br\/noticia\/wp-json\/wp\/v2\/posts\/47902","targetHints":{"allow":["GET"]}}],"collection":[{"href":"https:\/\/migracao.redenoticia.com.br\/noticia\/wp-json\/wp\/v2\/posts"}],"about":[{"href":"https:\/\/migracao.redenoticia.com.br\/noticia\/wp-json\/wp\/v2\/types\/post"}],"author":[{"embeddable":true,"href":"https:\/\/migracao.redenoticia.com.br\/noticia\/wp-json\/wp\/v2\/users\/2"}],"replies":[{"embeddable":true,"href":"https:\/\/migracao.redenoticia.com.br\/noticia\/wp-json\/wp\/v2\/comments?post=47902"}],"version-history":[{"count":0,"href":"https:\/\/migracao.redenoticia.com.br\/noticia\/wp-json\/wp\/v2\/posts\/47902\/revisions"}],"wp:featuredmedia":[{"embeddable":true,"href":"https:\/\/migracao.redenoticia.com.br\/noticia\/wp-json\/wp\/v2\/media\/34916"}],"wp:attachment":[{"href":"https:\/\/migracao.redenoticia.com.br\/noticia\/wp-json\/wp\/v2\/media?parent=47902"}],"wp:term":[{"taxonomy":"category","embeddable":true,"href":"https:\/\/migracao.redenoticia.com.br\/noticia\/wp-json\/wp\/v2\/categories?post=47902"},{"taxonomy":"post_tag","embeddable":true,"href":"https:\/\/migracao.redenoticia.com.br\/noticia\/wp-json\/wp\/v2\/tags?post=47902"}],"curies":[{"name":"wp","href":"https:\/\/api.w.org\/{rel}","templated":true}]}}