{"id":47904,"date":"2013-09-25T21:41:25","date_gmt":"2013-09-26T00:41:25","guid":{"rendered":"http:\/\/www.redenoticia.com.br\/noticia\/?p=47904"},"modified":"2013-09-25T21:41:25","modified_gmt":"2013-09-26T00:41:25","slug":"confianca-dos-empresarios-na-construcao-civil-fica-estavel","status":"publish","type":"post","link":"https:\/\/migracao.redenoticia.com.br\/noticia\/2013\/confianca-dos-empresarios-na-construcao-civil-fica-estavel\/47904","title":{"rendered":"Confian\u00e7a dos empres\u00e1rios na constru\u00e7\u00e3o civil fica est\u00e1vel"},"content":{"rendered":"<p>S\u00e3o Paulo \u2013 O <em><strong>\u00cdndice de Confian\u00e7a da Constru\u00e7\u00e3o<\/strong><\/em> ficou est\u00e1vel no trimestre encerrado em setembro. Medida pela Funda\u00e7\u00e3o Getulio Vargas, a taxa ficou em \u2013 4,6%. No trimestre, que terminou em agosto, marcou \u2013 4,7%.<\/p>\n<p>Na compara\u00e7\u00e3o interanual mensal houve recupera\u00e7\u00e3o no final do terceiro trimestre. A varia\u00e7\u00e3o de setembro deste ano ante setembro de 2012 ficou em -4,6%, comparado ao \u00edndice de -5,3%, em agosto, sobre agosto do ano anterior.<\/p>\n<p>O \u00cdndice da Situa\u00e7\u00e3o Atual passou de \u2013 8,5% em agosto, para \u2013 6,7% em setembro, na compara\u00e7\u00e3o trimestral interanual. O \u00cdndice de Expectativas passou de -1,4% para -2,8%, na mesma base de compara\u00e7\u00e3o.<\/p>\n<p>Dos 11 segmentos pesquisados, seis apresentaram melhora na compara\u00e7\u00e3o trimestral interanual. O destaque foi o segmento de prepara\u00e7\u00e3o de terreno, pois o \u00edndice de confian\u00e7a passou de \u2013 7% em agosto para \u2013 4,9% em setembro. Obras de montagem passaram de -15,2% para -13,5%, nos mesmos per\u00edodos.<\/p>\n<p>Das 700 empresas consultadas, 24,6% avaliaram a situa\u00e7\u00e3o atual como boa no trimestre encerrado em setembro, ante 27,2% no mesmo per\u00edodo do ano anterior. J\u00e1 17,3% das empresas consideraram que a situa\u00e7\u00e3o est\u00e1 ruim, ante 10,1% em setembro do ano passado.<\/p>\n<p>A varia\u00e7\u00e3o interanual trimestral do grau de otimismo com a tend\u00eancia dos neg\u00f3cios nos pr\u00f3ximos seis meses passou de \u2013 2,3% em agosto para \u2013 3,7% em setembro. A propor\u00e7\u00e3o de empresas prevendo melhora da situa\u00e7\u00e3o no trimestre que terminou em setembro \u00e9 37,7%, ante 40,9% no mesmo per\u00edodo em 2012. A parcela das que est\u00e3o prevendo piora foi 6,1%, ante 4,2% em agosto do ano passado.<\/p>\n<p>Fernanda Cruz<br \/>\nRep\u00f3rter da Ag\u00eancia Brasil<\/p>\n<p>Edi\u00e7\u00e3o: Beto Coura<\/p>\n","protected":false},"excerpt":{"rendered":"<p>S\u00e3o Paulo \u2013 O \u00cdndice de Confian\u00e7a da Constru\u00e7\u00e3o ficou est\u00e1vel no trimestre encerrado em setembro. Medida pela Funda\u00e7\u00e3o Getulio Vargas, a taxa ficou em \u2013 4,6%. No trimestre, que terminou em agosto, marcou \u2013 4,7%. Na compara\u00e7\u00e3o interanual mensal houve recupera\u00e7\u00e3o no final do terceiro trimestre. A varia\u00e7\u00e3o de setembro deste ano ante setembro [&hellip;]<\/p>\n","protected":false},"author":2,"featured_media":34681,"comment_status":"closed","ping_status":"closed","sticky":false,"template":"","format":"standard","meta":{"tdm_status":"","tdm_grid_status":"","footnotes":""},"categories":[22,7],"tags":[],"class_list":{"0":"post-47904","1":"post","2":"type-post","3":"status-publish","4":"format-standard","5":"has-post-thumbnail","7":"category-brasil","8":"category-economia"},"_links":{"self":[{"href":"https:\/\/migracao.redenoticia.com.br\/noticia\/wp-json\/wp\/v2\/posts\/47904","targetHints":{"allow":["GET"]}}],"collection":[{"href":"https:\/\/migracao.redenoticia.com.br\/noticia\/wp-json\/wp\/v2\/posts"}],"about":[{"href":"https:\/\/migracao.redenoticia.com.br\/noticia\/wp-json\/wp\/v2\/types\/post"}],"author":[{"embeddable":true,"href":"https:\/\/migracao.redenoticia.com.br\/noticia\/wp-json\/wp\/v2\/users\/2"}],"replies":[{"embeddable":true,"href":"https:\/\/migracao.redenoticia.com.br\/noticia\/wp-json\/wp\/v2\/comments?post=47904"}],"version-history":[{"count":0,"href":"https:\/\/migracao.redenoticia.com.br\/noticia\/wp-json\/wp\/v2\/posts\/47904\/revisions"}],"wp:featuredmedia":[{"embeddable":true,"href":"https:\/\/migracao.redenoticia.com.br\/noticia\/wp-json\/wp\/v2\/media\/34681"}],"wp:attachment":[{"href":"https:\/\/migracao.redenoticia.com.br\/noticia\/wp-json\/wp\/v2\/media?parent=47904"}],"wp:term":[{"taxonomy":"category","embeddable":true,"href":"https:\/\/migracao.redenoticia.com.br\/noticia\/wp-json\/wp\/v2\/categories?post=47904"},{"taxonomy":"post_tag","embeddable":true,"href":"https:\/\/migracao.redenoticia.com.br\/noticia\/wp-json\/wp\/v2\/tags?post=47904"}],"curies":[{"name":"wp","href":"https:\/\/api.w.org\/{rel}","templated":true}]}}