{"id":47906,"date":"2013-09-25T21:47:43","date_gmt":"2013-09-26T00:47:43","guid":{"rendered":"http:\/\/www.redenoticia.com.br\/noticia\/?p=47906"},"modified":"2013-09-25T21:47:43","modified_gmt":"2013-09-26T00:47:43","slug":"atividade-fisica-e-incluida-como-fator-de-saude-em-legislacao-do-sus","status":"publish","type":"post","link":"https:\/\/migracao.redenoticia.com.br\/noticia\/2013\/atividade-fisica-e-incluida-como-fator-de-saude-em-legislacao-do-sus\/47906","title":{"rendered":"Atividade f\u00edsica \u00e9 inclu\u00edda como fator de sa\u00fade em legisla\u00e7\u00e3o do SUS"},"content":{"rendered":"<p>Bras\u00edlia \u2013 o presidente da Rep\u00fablica em exerc\u00edcio, Michel Temer, sancionou altera\u00e7\u00e3o na Lei 8.080, de 1990, que inclui a <em><strong>atividade f\u00edsica<\/strong><\/em> como fator determinante da sa\u00fade. A san\u00e7\u00e3o foi publicada hoje (25) no Di\u00e1rio Oficial da Uni\u00e3o e traz ao Sistema \u00danico de Sa\u00fade (SUS) a responsabilidade pela gest\u00e3o de a\u00e7\u00f5es de vigil\u00e2ncia epidemiol\u00f3gica. A mudan\u00e7a no texto cria uma possibilidade de financiamento para o setor.<\/p>\n<p>A proposta foi aprovada pela Comiss\u00e3o de Constitui\u00e7\u00e3o e Justi\u00e7a e de Cidadania da C\u00e2mara dos Deputados no in\u00edcio de julho. A Lei 8.080 regula os servi\u00e7os de sa\u00fade e estabelece princ\u00edpios, diretrizes e objetivos do SUS.<\/p>\n<p>Antes da inclus\u00e3o da atividade f\u00edsica, a lei estabelecia como fatores determinantes e condicionantes da sa\u00fade, entre outros, a alimenta\u00e7\u00e3o, a moradia, o saneamento b\u00e1sico, o meio ambiente, o trabalho, a renda, a educa\u00e7\u00e3o, o transporte, o lazer e o acesso aos bens e servi\u00e7os essenciais.<\/p>\n<p>Danilo Macedo<br \/>\nRep\u00f3rter da Ag\u00eancia Brasil<\/p>\n<p>Edi\u00e7\u00e3o: Beto Coura<br \/>\nAg\u00eancia Brasil<\/p>\n","protected":false},"excerpt":{"rendered":"<p>Bras\u00edlia \u2013 o presidente da Rep\u00fablica em exerc\u00edcio, Michel Temer, sancionou altera\u00e7\u00e3o na Lei 8.080, de 1990, que inclui a atividade f\u00edsica como fator determinante da sa\u00fade. A san\u00e7\u00e3o foi publicada hoje (25) no Di\u00e1rio Oficial da Uni\u00e3o e traz ao Sistema \u00danico de Sa\u00fade (SUS) a responsabilidade pela gest\u00e3o de a\u00e7\u00f5es de vigil\u00e2ncia epidemiol\u00f3gica. [&hellip;]<\/p>\n","protected":false},"author":2,"featured_media":21786,"comment_status":"closed","ping_status":"closed","sticky":false,"template":"","format":"standard","meta":{"tdm_status":"","tdm_grid_status":"","footnotes":""},"categories":[22,5],"tags":[],"class_list":{"0":"post-47906","1":"post","2":"type-post","3":"status-publish","4":"format-standard","5":"has-post-thumbnail","7":"category-brasil","8":"category-saude-e-vida"},"_links":{"self":[{"href":"https:\/\/migracao.redenoticia.com.br\/noticia\/wp-json\/wp\/v2\/posts\/47906","targetHints":{"allow":["GET"]}}],"collection":[{"href":"https:\/\/migracao.redenoticia.com.br\/noticia\/wp-json\/wp\/v2\/posts"}],"about":[{"href":"https:\/\/migracao.redenoticia.com.br\/noticia\/wp-json\/wp\/v2\/types\/post"}],"author":[{"embeddable":true,"href":"https:\/\/migracao.redenoticia.com.br\/noticia\/wp-json\/wp\/v2\/users\/2"}],"replies":[{"embeddable":true,"href":"https:\/\/migracao.redenoticia.com.br\/noticia\/wp-json\/wp\/v2\/comments?post=47906"}],"version-history":[{"count":0,"href":"https:\/\/migracao.redenoticia.com.br\/noticia\/wp-json\/wp\/v2\/posts\/47906\/revisions"}],"wp:featuredmedia":[{"embeddable":true,"href":"https:\/\/migracao.redenoticia.com.br\/noticia\/wp-json\/wp\/v2\/media\/21786"}],"wp:attachment":[{"href":"https:\/\/migracao.redenoticia.com.br\/noticia\/wp-json\/wp\/v2\/media?parent=47906"}],"wp:term":[{"taxonomy":"category","embeddable":true,"href":"https:\/\/migracao.redenoticia.com.br\/noticia\/wp-json\/wp\/v2\/categories?post=47906"},{"taxonomy":"post_tag","embeddable":true,"href":"https:\/\/migracao.redenoticia.com.br\/noticia\/wp-json\/wp\/v2\/tags?post=47906"}],"curies":[{"name":"wp","href":"https:\/\/api.w.org\/{rel}","templated":true}]}}