{"id":47908,"date":"2013-09-25T10:54:03","date_gmt":"2013-09-25T13:54:03","guid":{"rendered":"http:\/\/www.redenoticia.com.br\/noticia\/?p=47908"},"modified":"2013-09-25T21:54:33","modified_gmt":"2013-09-26T00:54:33","slug":"novela-pecado-mortal-trilha-sonora-assinada-por-daniel-figueiredo","status":"publish","type":"post","link":"https:\/\/migracao.redenoticia.com.br\/noticia\/2013\/novela-pecado-mortal-trilha-sonora-assinada-por-daniel-figueiredo\/47908","title":{"rendered":"Novela Pecado Mortal &#8211; trilha sonora assinada por Daniel Figueiredo"},"content":{"rendered":"<p><a href=\"https:\/\/migracao.redenoticia.com.br\/noticia\/imagens\/novela-pecado-mortal-record.jpg\"><img loading=\"lazy\" decoding=\"async\" class=\"alignleft size-medium wp-image-46717\" alt=\"novela-pecado-mortal-record\" src=\"https:\/\/migracao.redenoticia.com.br\/noticia\/imagens\/novela-pecado-mortal-record-250x160.jpg\" width=\"250\" height=\"160\" \/><\/a>A <em><strong>novela Pecado Mortal<\/strong><\/em>\u00a0da Record, escrita por Carlos Lombardi, tem confirmada trilha sonora de um dos importantes nomes da m\u00fasica: Daniel Figueiredo. A trama que \u00e9 ambientada em 1970 e abordar\u00e1 o uso de drogas, aumento de favelas e disputa de poder entre traficantes e bicheiros do Rio de Janeiro, tem no elenco nomes de peso como: Paloma Duarte, Mel Lisboa, Marcos Winter, Claudio Heinrich e Simone Spoladore, entre outros. A dire\u00e7\u00e3o-geral \u00e9 de Alexandre Avancini.<\/p>\n<p>Com mais de duas d\u00e9cadas de vida dedicada a musica, o mineiro Daniel Figueiredo \u00e9 quase uma marca registrada em trabalhos de \u00edcones da musica popular brasileira. O produtor musical j\u00e1 assinou trabalhos com Ivete Sangalo, Daniela Mercury, Gilberto Gil, Caetano Veloso, Maria Beth\u00e2nia, Elba Ramalho, Xuxa, Zeca Pagodinho, Edu Lobo, entre outros artistas como os internacionais Diem Jones, David Cohen, John Pollard, e Steve B.<\/p>\n<p>O produtor tamb\u00e9m ser\u00e1 o respons\u00e1vel pelas trilhas e vinhetas das cidades onde acontecer\u00e3o a Copa do Mundo de 2014. O trabalho teve in\u00edcio na Copa das Confedera\u00e7\u00f5es e ter\u00e1 continuidade. Daniel j\u00e1 acumula dois Grammys Latinos, (2004 como melhor CD Gospel, da cantora Aline Barros e 2012, pelo CD \u2018Nosso samba t\u00e1 na Rua\u201d, de Beth Carvalho (como melhor disco de samba do ano) e acaba de receber mais uma indica\u00e7\u00e3o, desta vez pelo disco de Roman Miroshnichenko, considerado um dos melhores guitarristas Russos da atualidade, o disco \u00e9 um dos indicados ao 14\u00ba Grammy Latino que ser\u00e1 realizado no dia 21 de novembro em Las Vegas.<\/p>\n<p>Daniel \u00e9 autor de mais de 40 temas de abertura para TV como &#8220;Tudo \u00e9 poss\u00edvel&#8221;, &#8220;Jornal da Record&#8221;, &#8220;Programa da Tarde&#8221;, &#8220;Gente Inocente&#8221; e &#8220;Planeta Xuxa&#8221; e assina a produ\u00e7\u00e3o musical de v\u00e1rias mais de 12 de teledramaturgia entre novelas e miniss\u00e9ries da TV Record como &#8220;Jos\u00e9 do Egito&#8221;, &#8220;Vidas Opostas&#8221; &#8220;A Lei e o Crime&#8221; e &#8220;Pecado Mortal&#8221;. Para o cinema Daniel criou a trilha de v\u00e1rios filmes entre eles: &#8220;The heartbreaker&#8221; primeiro filme da atriz Giovanna Antonelli, para o mercado americano, &#8220;Transmigration&#8221; do diretor Sheldon Schiffer e &#8220;Tubar\u00f5es de Copacabana&#8221; da premiada autora\/diretora argentina Rosario Boyer.<\/p>\n<p>O ano de 2013, \u00e9 sem duvida de muito reconhecimento para o m\u00fasico e produtor, o curta &#8220;The Gift&#8221; escrito e dirigido por Viviane JUndi, qual ele faz a trilha, ganhou pr\u00eamio de melhor curta no Los Angeles Brazilian Film Festival.<\/p>\n","protected":false},"excerpt":{"rendered":"<p>A novela Pecado Mortal\u00a0da Record, escrita por Carlos Lombardi, tem confirmada trilha sonora de um dos importantes nomes da m\u00fasica: Daniel Figueiredo. A trama que \u00e9 ambientada em 1970 e abordar\u00e1 o uso de drogas, aumento de favelas e disputa de poder entre traficantes e bicheiros do Rio de Janeiro, tem no elenco nomes de [&hellip;]<\/p>\n","protected":false},"author":2,"featured_media":46717,"comment_status":"closed","ping_status":"closed","sticky":false,"template":"","format":"standard","meta":{"tdm_status":"","tdm_grid_status":"","footnotes":""},"categories":[379,371,343],"tags":[],"class_list":{"0":"post-47908","1":"post","2":"type-post","3":"status-publish","4":"format-standard","5":"has-post-thumbnail","7":"category-novelas","8":"category-rede-record","9":"category-televisao"},"_links":{"self":[{"href":"https:\/\/migracao.redenoticia.com.br\/noticia\/wp-json\/wp\/v2\/posts\/47908","targetHints":{"allow":["GET"]}}],"collection":[{"href":"https:\/\/migracao.redenoticia.com.br\/noticia\/wp-json\/wp\/v2\/posts"}],"about":[{"href":"https:\/\/migracao.redenoticia.com.br\/noticia\/wp-json\/wp\/v2\/types\/post"}],"author":[{"embeddable":true,"href":"https:\/\/migracao.redenoticia.com.br\/noticia\/wp-json\/wp\/v2\/users\/2"}],"replies":[{"embeddable":true,"href":"https:\/\/migracao.redenoticia.com.br\/noticia\/wp-json\/wp\/v2\/comments?post=47908"}],"version-history":[{"count":0,"href":"https:\/\/migracao.redenoticia.com.br\/noticia\/wp-json\/wp\/v2\/posts\/47908\/revisions"}],"wp:featuredmedia":[{"embeddable":true,"href":"https:\/\/migracao.redenoticia.com.br\/noticia\/wp-json\/wp\/v2\/media\/46717"}],"wp:attachment":[{"href":"https:\/\/migracao.redenoticia.com.br\/noticia\/wp-json\/wp\/v2\/media?parent=47908"}],"wp:term":[{"taxonomy":"category","embeddable":true,"href":"https:\/\/migracao.redenoticia.com.br\/noticia\/wp-json\/wp\/v2\/categories?post=47908"},{"taxonomy":"post_tag","embeddable":true,"href":"https:\/\/migracao.redenoticia.com.br\/noticia\/wp-json\/wp\/v2\/tags?post=47908"}],"curies":[{"name":"wp","href":"https:\/\/api.w.org\/{rel}","templated":true}]}}