{"id":47914,"date":"2013-09-25T22:07:17","date_gmt":"2013-09-26T01:07:17","guid":{"rendered":"http:\/\/www.redenoticia.com.br\/noticia\/?p=47914"},"modified":"2013-09-25T22:07:17","modified_gmt":"2013-09-26T01:07:17","slug":"sp-realiza-concurso-para-contratacao-de-professores","status":"publish","type":"post","link":"https:\/\/migracao.redenoticia.com.br\/noticia\/2013\/sp-realiza-concurso-para-contratacao-de-professores\/47914","title":{"rendered":"SP realiza concurso para contrata\u00e7\u00e3o de professores"},"content":{"rendered":"<p>Come\u00e7am nesta quinta-feira, 26, as inscri\u00e7\u00f5es para o maior <em><strong>concurso<\/strong><\/em> da hist\u00f3ria de <em><strong>S\u00e3o Paulo para professores<\/strong><\/em>. A Secretaria da Educa\u00e7\u00e3o vai contratar 59 mil profissionais. O prazo para se inscrever vai at\u00e9 o dia 16 de outubro. As informa\u00e7\u00f5es sobre inscri\u00e7\u00f5es ser\u00e3o disponibilizadas no\u00a0<a href=\"http:\/\/www.educacao.sp.gov.br\/\" target=\"_blank\">Portal da Educa\u00e7\u00e3o<\/a>.<\/p>\n<p>Desde janeiro desde 2011, j\u00e1 foram nomeados 34 mil docentes para atuar em todo o Estado. Com este concurso, ser\u00e3o 93 mil novos professores na rede estadual. J\u00e1 no pr\u00f3ximo semestre letivo ser\u00e3o chamados 20 mil profissionais aprovados neste concurso, que deve ser realizado em 17 de novembro.<\/p>\n<p>&#8220;A amplia\u00e7\u00e3o da atua\u00e7\u00e3o dos professores efetivos na rede estadual de ensino \u00e9 uma das prioridades desta gest\u00e3o&#8221;, destaca o secret\u00e1rio da Educa\u00e7\u00e3o, Herman Voorwald. &#8220;O maior concurso da hist\u00f3ria da educa\u00e7\u00e3o de S\u00e3o Paulo faz parte deste compromisso, que contempla ainda uma pol\u00edtica salarial prevista em lei e a materializa\u00e7\u00e3o de um plano de carreira in\u00e9dito, constru\u00eddo em conjunto com os nossos servidores&#8221;, completa.<\/p>\n<p>Neste ano,\u00a0os professores tiveram reajuste de 8,1% no sal\u00e1rio. O aumento chegar\u00e1 a 45% em tr\u00eas anos.<\/p>\n<p>Do Portal do Governo do Estado<\/p>\n","protected":false},"excerpt":{"rendered":"<p>Come\u00e7am nesta quinta-feira, 26, as inscri\u00e7\u00f5es para o maior concurso da hist\u00f3ria de S\u00e3o Paulo para professores. A Secretaria da Educa\u00e7\u00e3o vai contratar 59 mil profissionais. O prazo para se inscrever vai at\u00e9 o dia 16 de outubro. As informa\u00e7\u00f5es sobre inscri\u00e7\u00f5es ser\u00e3o disponibilizadas no\u00a0Portal da Educa\u00e7\u00e3o. Desde janeiro desde 2011, j\u00e1 foram nomeados 34 [&hellip;]<\/p>\n","protected":false},"author":2,"featured_media":28951,"comment_status":"closed","ping_status":"closed","sticky":false,"template":"","format":"standard","meta":{"tdm_status":"","tdm_grid_status":"","footnotes":""},"categories":[22,352,370],"tags":[],"class_list":{"0":"post-47914","1":"post","2":"type-post","3":"status-publish","4":"format-standard","5":"has-post-thumbnail","7":"category-brasil","8":"category-concursos","9":"category-inscricao"},"_links":{"self":[{"href":"https:\/\/migracao.redenoticia.com.br\/noticia\/wp-json\/wp\/v2\/posts\/47914","targetHints":{"allow":["GET"]}}],"collection":[{"href":"https:\/\/migracao.redenoticia.com.br\/noticia\/wp-json\/wp\/v2\/posts"}],"about":[{"href":"https:\/\/migracao.redenoticia.com.br\/noticia\/wp-json\/wp\/v2\/types\/post"}],"author":[{"embeddable":true,"href":"https:\/\/migracao.redenoticia.com.br\/noticia\/wp-json\/wp\/v2\/users\/2"}],"replies":[{"embeddable":true,"href":"https:\/\/migracao.redenoticia.com.br\/noticia\/wp-json\/wp\/v2\/comments?post=47914"}],"version-history":[{"count":0,"href":"https:\/\/migracao.redenoticia.com.br\/noticia\/wp-json\/wp\/v2\/posts\/47914\/revisions"}],"wp:featuredmedia":[{"embeddable":true,"href":"https:\/\/migracao.redenoticia.com.br\/noticia\/wp-json\/wp\/v2\/media\/28951"}],"wp:attachment":[{"href":"https:\/\/migracao.redenoticia.com.br\/noticia\/wp-json\/wp\/v2\/media?parent=47914"}],"wp:term":[{"taxonomy":"category","embeddable":true,"href":"https:\/\/migracao.redenoticia.com.br\/noticia\/wp-json\/wp\/v2\/categories?post=47914"},{"taxonomy":"post_tag","embeddable":true,"href":"https:\/\/migracao.redenoticia.com.br\/noticia\/wp-json\/wp\/v2\/tags?post=47914"}],"curies":[{"name":"wp","href":"https:\/\/api.w.org\/{rel}","templated":true}]}}